{"id":420,"date":"2017-08-18T09:44:08","date_gmt":"2017-08-18T12:44:08","guid":{"rendered":"http:\/\/www.professores.uff.br\/cristiane\/?p=420"},"modified":"2017-08-18T09:56:50","modified_gmt":"2017-08-18T12:56:50","slug":"sensoriamento-remoto","status":"publish","type":"post","link":"https:\/\/www.professores.uff.br\/cristiane\/2017\/08\/18\/sensoriamento-remoto\/","title":{"rendered":"Sensoriamento Remoto"},"content":{"rendered":"<h2>Ementa<\/h2>\n\n<table id=\"tablepress-5\" class=\"tablepress tablepress-id-5\">\n<thead>\n<tr class=\"row-1\">\n\t<th class=\"column-1\">Data<\/th><th class=\"column-2\">Conte\u00fado<\/th>\n<\/tr>\n<\/thead>\n<tbody class=\"row-striping row-hover\">\n<tr class=\"row-2\">\n\t<td class=\"column-1\">09\/Ago<\/td><td class=\"column-2\">Apresenta\u00e7\u00e3o da disciplina: Programa - Avalia\u00e7\u00e3o - Bibliografia<br \/>\n<br \/>\nDefini\u00e7\u00e3o de Sensoriamento Remoto<\/td>\n<\/tr>\n<tr class=\"row-3\">\n\t<td class=\"column-1\">16\/Ago<\/td><td class=\"column-2\"> Natureza e fun\u00e7\u00e3o da radia\u00e7\u00e3o eletromagn\u00e9tica. Intera\u00e7\u00e3o energia, alvo, atmosfera e sensor. Espectro eletromagn\u00e9tico. Janela atmosf\u00e9rica. Assinatura espectral<\/td>\n<\/tr>\n<tr class=\"row-4\">\n\t<td class=\"column-1\">23\/Ago<\/td><td class=\"column-2\">Classifica\u00e7\u00e3o dos sensores remotos - Fotografias a\u00e9reas<\/td>\n<\/tr>\n<tr class=\"row-5\">\n\t<td class=\"column-1\">03\/01<\/td><td class=\"column-2\">Revis\u00e3o - Imageadores eletro-\u00f3pticos - Radares de Visada Lateral<\/td>\n<\/tr>\n<tr class=\"row-6\">\n\t<td class=\"column-1\">10\/01<\/td><td class=\"column-2\">Resolu\u00e7\u00e3o espacial, espectral, temporal e radiom\u00e9trica Principais sistemas orbitais.- Aplica\u00e7\u00e3o de SR - Hist\u00f3ria SR<\/td>\n<\/tr>\n<tr class=\"row-7\">\n\t<td class=\"column-1\">17\/01<\/td><td class=\"column-2\">Processamento Digital de Imagens - Programa SPRING - Principais t\u00e9cnicas<br \/>\n<br \/>\nAula pr\u00e1tica - resolu\u00e7\u00e3o espectral e espacial<\/td>\n<\/tr>\n<tr class=\"row-8\">\n\t<td class=\"column-1\">24\/01<\/td><td class=\"column-2\">Introdu\u00e7\u00e3o ao SPRING - Registro de imagens <\/td>\n<\/tr>\n<tr class=\"row-9\">\n\t<td class=\"column-1\">31\/01<\/td><td class=\"column-2\">Prova<\/td>\n<\/tr>\n<tr class=\"row-10\">\n\t<td class=\"column-1\">07\/02<\/td><td class=\"column-2\">T\u00e9cnicas de realce - Composi\u00e7\u00e3o Colorida<\/td>\n<\/tr>\n<tr class=\"row-11\">\n\t<td class=\"column-1\">14\/02<\/td><td class=\"column-2\">Trabalho pr\u00e1tico<\/td>\n<\/tr>\n<tr class=\"row-12\">\n\t<td class=\"column-1\">21\/02<\/td><td class=\"column-2\">Trabalho de campo - Crit\u00e9rios de interpreta\u00e7\u00e3o<\/td>\n<\/tr>\n<tr class=\"row-13\">\n\t<td class=\"column-1\">28\/02<\/td><td class=\"column-2\">Recesso de Carnaval<\/td>\n<\/tr>\n<tr class=\"row-14\">\n\t<td class=\"column-1\">07\/03<\/td><td class=\"column-2\">Classifica\u00e7\u00e3o de imagens<\/td>\n<\/tr>\n<tr class=\"row-15\">\n\t<td class=\"column-1\">14\/03<\/td><td class=\"column-2\">Trabalho pr\u00e1tico<\/td>\n<\/tr>\n<tr class=\"row-16\">\n\t<td class=\"column-1\">21\/03<\/td><td class=\"column-2\">Trabalho pr\u00e1tico final<\/td>\n<\/tr>\n<tr class=\"row-17\">\n\t<td class=\"column-1\">28\/03<\/td><td class=\"column-2\">Semin\u00e1rio<\/td>\n<\/tr>\n<\/tbody>\n<\/table>\n<!-- #tablepress-5 from cache -->\n<hr \/>\n<h2>Bibliografia<\/h2>\n<p><span style=\"font-family: Trebuchet MS,Arial,Helvetica;\"><u>Conceitos de SR<\/u><\/span><\/p>\n<p><span style=\"font-family: Trebuchet MS,Arial,Helvetica;\"><i><span style=\"font-size: small;\">Avery, T.E.; Berlin, G.L. Fundamentals of Remote Sensing and Airphoto Interpretation. Prentice Hall. New Jersey. 1-15p. (bilbioteca)<\/span><\/i><\/span><\/p>\n<p><span style=\"font-family: Trebuchet MS,Arial,Helvetica;\"><i><span style=\"font-size: small;\">Covre, M. Do Bal\u00e3o ao Sat\u00e9lite \u2013 A Coleta de Informa\u00e7\u00f5es para Objetivos de Intelig\u00eancia. Revista Fator GIS. Ano 5 N\u00famero 20. Sagres Editora. Curitiba, 1997. p. 52-55<\/span><\/i><\/span><\/p>\n<p><span style=\"font-family: Trebuchet MS,Arial,Helvetica;\"><i><span style=\"font-size: small;\">Crosta, \u00c1lvaro P. S\u00e9culo XXI em Alta Resolu\u00e7\u00e3o. Revista Fator GIS. Ano 4 N\u00famero 15. Sagres Editora. Curitiba, 1996. 14-17p<\/span><\/i><\/span><\/p>\n<p><span style=\"font-family: Trebuchet MS,Arial,Helvetica;\"><i><span style=\"font-size: small;\">Crosta, A. Sensoriamento Remoto. In: Anu\u00e1rio FatorGIS 97: o guia de refer\u00eancia do geoprocessamento. Curitiba. SAGRES. 1997. C- 10\/21<\/span><\/i><\/span><\/p>\n<p><span style=\"font-family: Trebuchet MS,Arial,Helvetica;\"><i><span style=\"font-size: small;\">Francisco, C.N. Curso de Extens\u00e3o &#8211;<a href=\"http:\/\/www.professores.uff.br\/cristiane\/wp-content\/uploads\/sites\/18\/2017\/07\/Apostila-Interpretacao-e-Pratica-Cartografica-1.doc\"> Interpreta\u00e7\u00e3o e Pr\u00e1tica Cartogr\u00e1fica para o Ensino Escolar<\/a> &#8211; M\u00f3dulo: Sensoriamento Remoto. Departamento de Cartografia. Instituto de Geoci\u00eancias . UFF. Niter\u00f3i, 1999. Vers\u00e3o 2<br \/>\n<\/span><\/i><\/span><\/p>\n<p><span style=\"font-family: Trebuchet MS,Arial,Helvetica;\"><i><span style=\"font-size: small;\">Meneses, Paulo Roberto; Netto, Madeira Jos\u00e9 da Silva. Sensoriamento remoto. Reflect\u00e2ncia dos alvos naturais. Bras\u00edlia: UnB; Planaltina: Embrapa Cerrados, 2001. 262p<\/span><\/i><\/span><\/p>\n<p><span style=\"font-family: Trebuchet MS,Arial,Helvetica;\"><i><span style=\"font-size: small;\">Moreira, Maur\u00edcio Alves. Fundamentos de Sensoriamento Remoto e Metodologias de Aplica\u00e7\u00e3o. S\u00e3o Jos\u00e9 dos Campos: INPE. 2001<\/span><\/i><\/span><\/p>\n<p><span style=\"font-family: Trebuchet MS,Arial,Helvetica;\"><i><span style=\"font-size: small;\">Novo, E.M.L. Sensoriamento Remoto \u2013 Princ\u00edpios e Aplica\u00e7\u00f5es. Ed. Edgard Bl\u00fccher Ltda. S\u00e3o Paulo, 1989. Cap. 1, 6,\u00a0 (biblioteca)<\/span><\/i><\/span><\/p>\n<p><span style=\"font-family: Trebuchet MS,Arial,Helvetica;\"><i><span style=\"font-size: small;\">Silva, A.L.G.; Francisco, C.N. <a href=\"http:\/\/www.professores.uff.br\/cristiane\/wp-content\/uploads\/sites\/18\/2017\/07\/apostilasr-1.doc\">Principais Sistemas Sensores<\/a>.Apostila para Curso de Sensoriamento Remoto. Departamento de Cartografia.Instituto de Geoci\u00eancias . UFF. Niter\u00f3i, 2001<\/span><\/i><\/span><\/p>\n<p><span style=\"font-family: Trebuchet MS,Arial,Helvetica;\"><i><span style=\"font-size: small;\">Rosas, Roberto. Introdu\u00e7\u00e3o ao Sensoriamento Remoto. EDUFU. 1995.<\/span><\/i><\/span><\/p>\n<p><span style=\"font-family: Trebuchet MS,Arial,Helvetica;\"><u>Radar<\/u><\/span><\/p>\n<p align=\"left\"><i><span style=\"font-size: small;\">Lima. M.I.C. Introdu\u00e7\u00e3o \u00e0 interpreta\u00e7\u00e3o radargeol\u00f3gica. Rio de Janeiro: IBGE, 1995. Cap\u00edtulo 1: Princ\u00edpios b\u00e1sicos de radar de visada lateral. <\/span><\/i><\/p>\n<p align=\"left\"><i><span style=\"font-size: small;\">\u00a0Vannucci, T.A.M. Redu\u00e7\u00e3o de Speckel em Imagens de Radar. Curso de Engenharia Cartogr\u00e1fica UFPR 1999. Cap.: <a href=\"http:\/\/www.engesat.com.br\/satelites\/rada_didatic1.htm\">Bases t\u00e9cnicas de conhecimento em sistemas imageadores radar e imagens radar.<\/a><br \/>\n<\/span><\/i><\/p>\n<p align=\"left\"><span style=\"font-family: Trebuchet MS,Arial,Helvetica;\"><u>Processamento Digital de Imagens<\/u><\/span><\/p>\n<p align=\"left\"><span style=\"font-family: Trebuchet MS,Arial,Helvetica;\"><i><span style=\"font-size: small;\">Crosta, A. Processamento Digital Aplicado \u00e0 Interpreta\u00e7\u00e3o de Imagens de Sensoriamento Remoto. UNICAMP. 1993.<\/span><\/i><\/span><\/p>\n<p align=\"left\"><span style=\"font-family: Trebuchet MS,Arial,Helvetica;\"><i><span style=\"font-size: small;\">IBGE. Introdu\u00e7\u00e3o ao Processamento Digital de Imagens. Manuais T\u00e9cnicos em Geoci\u00eancias n.9. 2001.<\/span><\/i><\/span><\/p>\n<p align=\"left\"><span style=\"font-family: Trebuchet MS,Arial,Helvetica;\"><i><span style=\"font-size: small;\">Jensen, John R. Introdutory Digital Image Processing: A Remote Sensing Perspective. New Jersey. Prentice-Hall. 1986.<\/span><\/i><\/span><\/p>\n<p align=\"left\"><span style=\"font-family: Trebuchet MS,Arial,Helvetica;\"><u>Interpreta\u00e7\u00e3o de Imagens e Elementos b\u00e1sicos fotografias a\u00e9reas<\/u><\/span><\/p>\n<p align=\"left\"><span style=\"font-family: Trebuchet MS,Arial,Helvetica;\"><i><span style=\"font-size: small;\">Anderson, P. Fundamentos da Fotointerpreta\u00e7\u00e3o. SBC. 1982. (biblioteca)<\/span><\/i><\/span><\/p>\n<p align=\"left\"><span style=\"font-family: Trebuchet MS,Arial,Helvetica;\"><i><span style=\"font-size: small;\">Garcia, G. J.; Marchetti. D.A.B. Princ\u00edpios de Fotogrametria e Fotointerpreta\u00e7\u00e3o. Ed. Nobel. S\u00e3o Paulo, 1986. (biblioteca)<\/span><\/i><\/span><\/p>\n<p align=\"left\"><span style=\"font-family: Trebuchet MS,Arial,Helvetica;\"><i><span style=\"font-size: small;\">Loch, C. Interpreta\u00e7\u00e3o de Imagens A\u00e9reas. No\u00e7\u00f5es b\u00e1sicas e algumas aplica\u00e7\u00f5es nos campos profissionais. Ed.UFSC. Florian\u00f3piolis,1984. (biblioteca)<\/span><\/i><\/span><\/p>\n<p align=\"left\"><span style=\"font-family: Trebuchet MS,Arial,Helvetica;\"><i><span style=\"font-size: small;\">Loch, C; Lapolli, E.M. Elementos B\u00e1sicos da Fotogrametria e sua Utiliza\u00e7\u00e3o Pr\u00e1tica. Ed.UFSC. Florian\u00f3piolis,1989. (biblioteca)<\/span><\/i><\/span><\/p>\n<hr \/>\n<h2>Apresenta\u00e7\u00e3o<\/h2>\n<ul>\n<li><a href=\"http:\/\/www.professores.uff.br\/cristiane\/wp-content\/uploads\/sites\/18\/2017\/07\/conceitos-SR1-1.pdf\">Conceitos SR<\/a><\/li>\n<li><a href=\"http:\/\/www.professores.uff.br\/cristiane\/wp-content\/uploads\/sites\/18\/2017\/07\/Historia-SR-1.pdf\">Hist\u00f3ria do SR<\/a><\/li>\n<\/ul>\n<hr \/>\n<h2>Links<\/h2>\n<ul>\n<li><a href=\"http:\/\/www.inpe.br\/\">INPE<\/a><\/li>\n<li><a href=\"http:\/\/www.inpe.br\/unidades\/cep\/atividadescep\/educasere\/index.htm\">Programa Educa Sere<\/a><\/li>\n<li><a href=\"http:\/\/www.engesat.com.br\/index.htm\">Caracter\u00edsticas das Imagens de Sat\u00e9lites<\/a><\/li>\n<li><a href=\"https:\/\/www.cnpm.embrapa.br\/projetos\/sat\/index.html\">Sat\u00e9lites de Monitoramento<\/a><\/li>\n<li><a href=\"http:\/\/www.sulsoftstore.com.br\/guia_envi\/\" target=\"_blank\" rel=\"noopener noreferrer\">Guia do Envi 3.5 em Portugu\u00eas<\/a><\/li>\n<li><a href=\"http:\/\/www.dpi.inpe.br\/spring\/\">Spring<\/a><\/li>\n<li><a href=\"http:\/\/www.professores.uff.br\/cristiane\/wp-content\/uploads\/sites\/18\/2017\/07\/4395-1.pdf\">RadamBrasil<\/a><\/li>\n<li><a href=\"http:\/\/www.aeb.gov.br\/area\/PDF\/PrincSensoriamento.pdf\">Princ\u00edpios de Sensoriamento Remoto &#8211; Resolu\u00e7\u00e3o 41\/65 da ONU<\/a><\/li>\n<li><a href=\"http:\/\/www.dcmm.puc-rio.br\/cursos\/ipdi\/html\/IPDI.pdf\" target=\"_blank\" rel=\"noopener noreferrer\">Processamento Digital de Imagens<\/a><\/li>\n<li><a href=\"http:\/\/www.definiens.com\/\">E-Cognition<\/a><\/li>\n<li><a href=\"http:\/\/www.meusiteantigo.uff.br\/cristiane\/Documentos\/Espectro%20Eletromagn%C3%A9tico%20-%20Intervalos%20espectrais%20utilizados%20em%20Sensoriamento%20Remoto.pps\" target=\"_blank\" rel=\"noopener noreferrer\">Espectro eletromagn\u00e9tico<\/a><\/li>\n<li><a href=\"http:\/\/educar.sc.usp.br\/licenciatura\/2001\/cores\/pagina2\/class.html\" target=\"_blank\" rel=\"noopener noreferrer\">Classifca\u00e7\u00e3o de cores<\/a><\/li>\n<li><a href=\"http:\/\/srtm.usgs.gov\/\" target=\"_blank\" rel=\"noopener noreferrer\">Miss\u00e3o SRTM<\/a><\/li>\n<li><a href=\"http:\/\/www.cbers.inpe.br\/pt\/programas\/p_imagens.htm\" target=\"_blank\" rel=\"noopener noreferrer\">Download Imagens de Sat\u00e9lite &#8211; CBERS<\/a><\/li>\n<li><a href=\"https:\/\/zulu.ssc.nasa.gov\/mrsid\/\" target=\"_blank\" rel=\"noopener noreferrer\">Download Imagens de Sat\u00e9lite &#8211; Geocover<\/a><\/li>\n<li><a href=\"http:\/\/www.dgi.inpe.br\/catalogo\/\">Cat\u00e1logo Imagens de Sat\u00e9lite &#8211; Landsat5<\/a><\/li>\n<li><a href=\"https:\/\/www.cnpm.embrapa.br\/projetos\/relevobr\/download\/index.htm\">Download SRTM &#8211; Brasil<\/a><\/li>\n<\/ul>\n<p>&nbsp;<\/p>\n","protected":false},"excerpt":{"rendered":"<p>Ementa Bibliografia Conceitos de SR Avery, T.E.; Berlin, G.L. Fundamentals of Remote Sensing and Airphoto Interpretation. Prentice Hall. New Jersey. 1-15p. (bilbioteca) Covre, M. Do Bal\u00e3o ao Sat\u00e9lite \u2013 A Coleta de Informa\u00e7\u00f5es para Objetivos de Intelig\u00eancia. Revista Fator GIS. Ano 5 N\u00famero 20. Sagres Editora. Curitiba, 1997. p. 52-55 Crosta, \u00c1lvaro P. S\u00e9culo XXI [&hellip;]<\/p>\n","protected":false},"author":22,"featured_media":0,"comment_status":"closed","ping_status":"closed","sticky":false,"template":"","format":"standard","meta":{"_exactmetrics_skip_tracking":false,"_exactmetrics_sitenote_active":false,"_exactmetrics_sitenote_note":"","_exactmetrics_sitenote_category":0,"footnotes":""},"categories":[3],"tags":[],"class_list":["post-420","post","type-post","status-publish","format-standard","hentry","category-disciplinas"],"_links":{"self":[{"href":"https:\/\/www.professores.uff.br\/cristiane\/wp-json\/wp\/v2\/posts\/420","targetHints":{"allow":["GET"]}}],"collection":[{"href":"https:\/\/www.professores.uff.br\/cristiane\/wp-json\/wp\/v2\/posts"}],"about":[{"href":"https:\/\/www.professores.uff.br\/cristiane\/wp-json\/wp\/v2\/types\/post"}],"author":[{"embeddable":true,"href":"https:\/\/www.professores.uff.br\/cristiane\/wp-json\/wp\/v2\/users\/22"}],"replies":[{"embeddable":true,"href":"https:\/\/www.professores.uff.br\/cristiane\/wp-json\/wp\/v2\/comments?post=420"}],"version-history":[{"count":7,"href":"https:\/\/www.professores.uff.br\/cristiane\/wp-json\/wp\/v2\/posts\/420\/revisions"}],"predecessor-version":[{"id":433,"href":"https:\/\/www.professores.uff.br\/cristiane\/wp-json\/wp\/v2\/posts\/420\/revisions\/433"}],"wp:attachment":[{"href":"https:\/\/www.professores.uff.br\/cristiane\/wp-json\/wp\/v2\/media?parent=420"}],"wp:term":[{"taxonomy":"category","embeddable":true,"href":"https:\/\/www.professores.uff.br\/cristiane\/wp-json\/wp\/v2\/categories?post=420"},{"taxonomy":"post_tag","embeddable":true,"href":"https:\/\/www.professores.uff.br\/cristiane\/wp-json\/wp\/v2\/tags?post=420"}],"curies":[{"name":"wp","href":"https:\/\/api.w.org\/{rel}","templated":true}]}}