{"id":116,"date":"2017-08-21T16:55:26","date_gmt":"2017-08-21T19:55:26","guid":{"rendered":"http:\/\/www.professores.uff.br\/dirceuesu\/?p=116"},"modified":"2020-09-03T12:25:28","modified_gmt":"2020-09-03T15:25:28","slug":"notas-de-curso-2012-2","status":"publish","type":"post","link":"https:\/\/www.professores.uff.br\/dirceuesu\/2017\/08\/21\/notas-de-curso-2012-2\/","title":{"rendered":"Notas de Curso &#8211; 2012.2"},"content":{"rendered":"<p><strong>GGM00160 &#8211; GEOMETRIA ANAL\u00cdTICA E C\u00c1LCULO VETORIAL I &#8211; Turma A1 &#8211; Sala 203- ter\u00e7as e quintas : 09 as 11hs<\/strong><\/p>\n<ul>\n<li><a href=\"http:\/\/www.professores.uff.br\/dirceuesu\/wp-content\/uploads\/sites\/38\/2017\/07\/AulasGGM00160-122.pdf\">Informa\u00e7\u00f5es Gerais e Datas das Provas<\/a><\/li>\n<li><a href=\"http:\/\/www.professores.uff.br\/dirceuesu\/wp-content\/uploads\/sites\/38\/2017\/07\/GGM00160Programa.pdf\">Programa da disciplina<\/a><\/li>\n<li><a href=\"http:\/\/www.professores.uff.br\/dirceuesu\/wp-content\/uploads\/sites\/38\/2017\/07\/NotasGACV2012-2.pdf\">Nota final &#8211; GACV<\/a><\/li>\n<\/ul>\n<p><strong>Geogebra:<\/strong><\/p>\n<ul>\n<li><a href=\"http:\/\/www.geogebra.im-uff.mat.br\/\" target=\"_blank\" rel=\"noopener noreferrer\">Como instalar, tutoriais e biblioteca<\/a> , <a href=\"https:\/\/www.geogebra.org\/cms\/pt_BR\" target=\"_blank\" rel=\"noopener noreferrer\">Software: Geogebra<\/a><\/li>\n<\/ul>\n<p><strong>Material de Refer\u00eancia : Notas de aula<\/strong><\/p>\n<ul>\n<li><a href=\"http:\/\/www.professores.uff.br\/dirceuesu\/wp-content\/uploads\/sites\/38\/2017\/07\/gacv_cap1-3.pdf\">Cap\u00edtulos 1 a 3<\/a> <a href=\"http:\/\/www.professores.uff.br\/dirceuesu\/wp-content\/uploads\/sites\/38\/2017\/07\/gacv_cap4-6.pdf\">Cap\u00edtulos 4 a 6<\/a><\/li>\n<li><a href=\"http:\/\/www.professores.uff.br\/dirceuesu\/wp-content\/uploads\/sites\/38\/2017\/07\/gacv-parte14.pdf\">Cap\u00edtulos 14 a 19 &#8211; material auxiliar &#8211; C\u00f4nicas<\/a><\/li>\n<li><a href=\"http:\/\/www.professores.uff.br\/dirceuesu\/wp-content\/uploads\/sites\/38\/2017\/07\/gacv_parte2.pdf\">Cap\u00edtulos 7 a 13 &#8211; material auxiliar &#8211; Coordenadas, vetores, dist\u00e2ncias, produtos escalar e vetorial, retas e planos no espa\u00e7o<\/a><\/li>\n<li><a href=\"http:\/\/www.professores.uff.br\/dirceuesu\/wp-content\/uploads\/sites\/38\/2017\/07\/gacv_cap20_parte1.pdf\">Cap\u00edtulos 20- parte 1 &#8211; Qu\u00e1dricas<\/a><\/li>\n<li><a href=\"http:\/\/www.professores.uff.br\/dirceuesu\/wp-content\/uploads\/sites\/38\/2017\/07\/gacv_cap20_parte2.pdf\">Cap\u00edtulos 20- parte 2 &#8211; Qu\u00e1dricas<\/a><\/li>\n<\/ul>\n<p><strong>Aulas em PDF<\/strong><\/p>\n<ul>\n<li><a href=\"http:\/\/www.professores.uff.br\/dirceuesu\/wp-content\/uploads\/sites\/38\/2017\/07\/GAaulaParabola.pdf\">Aula de 20\/12 &#8211; C\u00f4nicas- par\u00e1bola<\/a><\/li>\n<li><a href=\"http:\/\/www.professores.uff.br\/dirceuesu\/wp-content\/uploads\/sites\/38\/2017\/07\/AulaElipseHiperbole.pdf\">Aula de 03\/01 &#8211; C\u00f4nicas &#8211; elipse e hip\u00e9rbole<\/a><\/li>\n<li>Geogebra: defini\u00e7\u00e3o elipse , Geogebra : Duas solu\u00e7\u00f5es<\/li>\n<li><a href=\"http:\/\/www.professores.uff.br\/dirceuesu\/wp-content\/uploads\/sites\/38\/2017\/07\/AulaHiperbContinua.pdf\">Aula de 08\/01 &#8211; C\u00f4nicas &#8211; mais exemplos de hip\u00e9rbole ,<\/a> Geogebra: Exemplo Hiperbole<\/li>\n<li>Aula de 10\/01 &#8211; Regi\u00f5es no Plano , Geogebra: Regioes no plano &#8211; uso do operador ^<\/li>\n<li><a href=\"http:\/\/www.professores.uff.br\/dirceuesu\/wp-content\/uploads\/sites\/38\/2017\/07\/AulaProdMisto.pdf\">Aula de 24\/01 &#8211; Produto Misto<\/a><\/li>\n<li><a href=\"http:\/\/www.professores.uff.br\/dirceuesu\/wp-content\/uploads\/sites\/38\/2017\/07\/AulaEqPlano.pdf\">Aula de 29\/01 &#8211; Equa\u00e7\u00f5es do Plano<\/a><\/li>\n<li><a href=\"http:\/\/www.professores.uff.br\/dirceuesu\/wp-content\/uploads\/sites\/38\/2017\/07\/AulaRetaEspaco.pdf\">Aula de 31\/01 &#8211; Retas no espa\u00e7o<\/a><\/li>\n<li><a href=\"http:\/\/www.professores.uff.br\/dirceuesu\/wp-content\/uploads\/sites\/38\/2017\/07\/AulaQuadricas.pdf\">Aula de 21\/02 e 26\/02 &#8211; Quadricas<\/a><\/li>\n<\/ul>\n<p><strong>Lista de exerc\u00edcios :<\/strong><\/p>\n<ul>\n<li><a href=\"http:\/\/www.professores.uff.br\/dirceuesu\/wp-content\/uploads\/sites\/38\/2017\/07\/ListaVetores.pdf\">Vetores e Sistema de Coordenadas<\/a> , <a href=\"http:\/\/www.professores.uff.br\/dirceuesu\/wp-content\/uploads\/sites\/38\/2017\/07\/RespostasVetores.pdf\">Gabarito<\/a> , <a href=\"http:\/\/www.professores.uff.br\/dirceuesu\/wp-content\/uploads\/sites\/38\/2017\/07\/vet_2012.2.pdf\">Vetores no Plano<\/a> , <a href=\"http:\/\/www.professores.uff.br\/dirceuesu\/wp-content\/uploads\/sites\/38\/2017\/07\/Gabarito_vet2012-2.pdf\">Gabarito<\/a> , <a href=\"http:\/\/www.professores.uff.br\/dirceuesu\/wp-content\/uploads\/sites\/38\/2017\/07\/retas-palno.pdf\">Retas no plano, \u00e2ngulos, dist\u00e2ncias&#8230;<\/a>,<a href=\"http:\/\/www.professores.uff.br\/dirceuesu\/wp-content\/uploads\/sites\/38\/2017\/07\/GACV-ListaParabola.pdf\">Par\u00e1bola<\/a> , <a href=\"http:\/\/www.professores.uff.br\/dirceuesu\/wp-content\/uploads\/sites\/38\/2017\/07\/GACV-ListaElipse.pdf\">Elipse<\/a> , <a href=\"http:\/\/www.professores.uff.br\/dirceuesu\/wp-content\/uploads\/sites\/38\/2017\/07\/ListaConicas.pdf\">C\u00f4nicas<\/a> , <a href=\"http:\/\/www.professores.uff.br\/dirceuesu\/wp-content\/uploads\/sites\/38\/2017\/07\/ListaRegioesNoPlano.pdf\">Regioes no Plano e etc<\/a><\/li>\n<li><a href=\"http:\/\/www.professores.uff.br\/dirceuesu\/wp-content\/uploads\/sites\/38\/2017\/07\/ListaVetEspaco.pdf\">Sistema de Coordenadas e Vetores no Espa\u00e7o<\/a><\/li>\n<li><a href=\"http:\/\/www.professores.uff.br\/dirceuesu\/wp-content\/uploads\/sites\/38\/2017\/07\/ListaProdEscalar.pdf\">Produto Escalar e Aplica\u00e7\u00f5es<\/a><\/li>\n<li><a href=\"http:\/\/www.professores.uff.br\/dirceuesu\/wp-content\/uploads\/sites\/38\/2017\/07\/ListaVetorialMisto.pdf\">Produto Vetorial e Produto Misto<\/a><\/li>\n<li><a href=\"http:\/\/www.professores.uff.br\/dirceuesu\/wp-content\/uploads\/sites\/38\/2017\/07\/ListaEquacaoPlano.pdf\">Equa\u00e7\u00f5es do Plano<\/a><\/li>\n<li><a href=\"http:\/\/www.professores.uff.br\/dirceuesu\/wp-content\/uploads\/sites\/38\/2017\/07\/ListaRetaseAngulos.pdf\">Retas no Espa\u00e7o, \u00e2ngulos, etc<\/a><\/li>\n<li><a href=\"http:\/\/www.professores.uff.br\/dirceuesu\/wp-content\/uploads\/sites\/38\/2017\/07\/ListaRetasPosicoes.pdf\">Retas- planos, posi\u00e7\u00f5es relativas etc<\/a><\/li>\n<li><a href=\"http:\/\/www.professores.uff.br\/dirceuesu\/wp-content\/uploads\/sites\/38\/2017\/07\/ListaRetaPlanoIntersecoes.pdf\">Retas, planos, interse\u00e7\u00f5es, etc<\/a><\/li>\n<li><a href=\"http:\/\/www.professores.uff.br\/dirceuesu\/wp-content\/uploads\/sites\/38\/2017\/07\/ListaDistancias.pdf\">Dist\u00e2ncias no espa\u00e7o<\/a><\/li>\n<li><a href=\"http:\/\/www.professores.uff.br\/dirceuesu\/wp-content\/uploads\/sites\/38\/2017\/07\/ListaQuadricas.pdf\">Qu\u00e1dricas<\/a><\/li>\n<\/ul>\n<p><strong>Aviso:<\/strong><br \/>\n<span style=\"color: #993366;\">Aguarde nova lista.<\/span><\/p>\n<p><strong>GGM00125- GEOMETRIA ANAL\u00cdTICA B\u00c1SICA &#8211; Turma A1 &#8211; Sala 108- ter\u00e7as e quintas : 11 as 13hs<\/strong><\/p>\n<ul>\n<li>Informa\u00e7\u00f5es Gerais &#8211; atualizada toda semana<\/li>\n<li>Programa da disciplina<\/li>\n<li>Notas Final &#8211; GAB<\/li>\n<\/ul>\n<p><strong>Geogebra:<\/strong><\/p>\n<ul>\n<li><a href=\"http:\/\/www.geogebra.im-uff.mat.br\/\" target=\"_blank\" rel=\"noopener noreferrer\">Como instalar, tutoriais e biblioteca<\/a> , <a href=\"https:\/\/www.geogebra.org\/cms\/pt_BR\" target=\"_blank\" rel=\"noopener noreferrer\">Software: Geogebra<\/a><\/li>\n<\/ul>\n<p><strong>Material de Refer\u00eancia : Notas de aula<\/strong><\/p>\n<ul>\n<li><a href=\"http:\/\/www.professores.uff.br\/dirceuesu\/wp-content\/uploads\/sites\/38\/2017\/07\/gacv_cap1-3.pdf\">Cap\u00edtulos 1 a 3<\/a> <a href=\"http:\/\/www.professores.uff.br\/dirceuesu\/wp-content\/uploads\/sites\/38\/2017\/07\/gacv_cap4-6.pdf\">Cap\u00edtulos 4 a 6<\/a><\/li>\n<li><a href=\"http:\/\/www.professores.uff.br\/dirceuesu\/wp-content\/uploads\/sites\/38\/2017\/07\/gacv-parte14.pdf\">Cap\u00edtulos 14 a 19 &#8211; material auxiliar &#8211; C\u00f4nicas<\/a><\/li>\n<li><a href=\"http:\/\/www.professores.uff.br\/dirceuesu\/wp-content\/uploads\/sites\/38\/2017\/07\/gacv_parte2.pdf\">Cap\u00edtulos 7 a 13 &#8211; material auxiliar &#8211; Coordenadas, vetores, dist\u00e2ncias, produtos escalar e vetorial, retas e planos no espa\u00e7o<\/a><\/li>\n<li><a href=\"http:\/\/www.professores.uff.br\/dirceuesu\/wp-content\/uploads\/sites\/38\/2017\/07\/gacv_cap20_parte1.pdf\">Cap\u00edtulos 20- parte 1 &#8211; Qu\u00e1dricas<\/a><\/li>\n<li><a href=\"http:\/\/www.professores.uff.br\/dirceuesu\/wp-content\/uploads\/sites\/38\/2017\/07\/gacv_cap20_parte2.pdf\">Cap\u00edtulos 20- parte 2 &#8211; Qu\u00e1dricas<\/a><\/li>\n<\/ul>\n<p><strong>Aulas em PDF<\/strong><\/p>\n<ul>\n<li><a href=\"http:\/\/www.professores.uff.br\/dirceuesu\/wp-content\/uploads\/sites\/38\/2017\/07\/GAaulaParabola.pdf\">Aula de 20\/12 &#8211; C\u00f4nicas- par\u00e1bola<\/a><\/li>\n<li><a href=\"http:\/\/www.professores.uff.br\/dirceuesu\/wp-content\/uploads\/sites\/38\/2017\/07\/AulaElipseHiperbole.pdf\">Aula de 03\/01 &#8211; C\u00f4nicas &#8211; elipse e hip\u00e9rbole<\/a><\/li>\n<li>Geogebra: defini\u00e7\u00e3o elipse , Geogebra : Duas solu\u00e7\u00f5es<\/li>\n<li><a href=\"http:\/\/www.professores.uff.br\/dirceuesu\/wp-content\/uploads\/sites\/38\/2017\/07\/AulaHiperbContinua.pdf\">Aula de 08\/01 &#8211; C\u00f4nicas &#8211; mais exemplos de hip\u00e9rbole ,<\/a> Geogebra: Exemplo Hiperbole<\/li>\n<li>Aula de 10\/01 &#8211; Regi\u00f5es no Plano , Geogebra: Regioes no plano &#8211; uso do operador ^<\/li>\n<li><a href=\"http:\/\/www.professores.uff.br\/dirceuesu\/wp-content\/uploads\/sites\/38\/2017\/07\/AulaProdMisto.pdf\">Aula de 24\/01 &#8211; Produto Misto<\/a><\/li>\n<li><a href=\"http:\/\/www.professores.uff.br\/dirceuesu\/wp-content\/uploads\/sites\/38\/2017\/07\/AulaEqPlano.pdf\">Aula de 29\/01 &#8211; Equa\u00e7\u00f5es do Plano<\/a><\/li>\n<li><a href=\"http:\/\/www.professores.uff.br\/dirceuesu\/wp-content\/uploads\/sites\/38\/2017\/07\/AulaRetaEspaco.pdf\">Aula de 31\/01 &#8211; Retas no espa\u00e7o<\/a><\/li>\n<li><a href=\"http:\/\/www.professores.uff.br\/dirceuesu\/wp-content\/uploads\/sites\/38\/2017\/07\/AulaQuadricas.pdf\">Aula de 21\/02 e 26\/02 &#8211; Quadricas<\/a><\/li>\n<\/ul>\n<p><strong>Lista de exerc\u00edcios :<\/strong><\/p>\n<ul>\n<li><a href=\"http:\/\/www.professores.uff.br\/dirceuesu\/wp-content\/uploads\/sites\/38\/2017\/07\/ListaVetores.pdf\">Vetores e Sistema de Coordenadas<\/a> , <a href=\"http:\/\/www.professores.uff.br\/dirceuesu\/wp-content\/uploads\/sites\/38\/2017\/07\/RespostasVetores.pdf\">Gabarito<\/a> , <a href=\"http:\/\/www.professores.uff.br\/dirceuesu\/wp-content\/uploads\/sites\/38\/2017\/07\/vet_2012.2.pdf\">Vetores no Plano<\/a> , <a href=\"http:\/\/www.professores.uff.br\/dirceuesu\/wp-content\/uploads\/sites\/38\/2017\/07\/Gabarito_vet2012-2.pdf\">Gabarito<\/a> , <a href=\"http:\/\/www.professores.uff.br\/dirceuesu\/wp-content\/uploads\/sites\/38\/2017\/07\/retas-palno.pdf\">Retas no plano, \u00e2ngulos, dist\u00e2ncias&#8230;<\/a>,<a href=\"http:\/\/www.professores.uff.br\/dirceuesu\/wp-content\/uploads\/sites\/38\/2017\/07\/GACV-ListaParabola.pdf\">Par\u00e1bola<\/a> , <a href=\"http:\/\/www.professores.uff.br\/dirceuesu\/wp-content\/uploads\/sites\/38\/2017\/07\/GACV-ListaElipse.pdf\">Elipse<\/a> , <a href=\"http:\/\/www.professores.uff.br\/dirceuesu\/wp-content\/uploads\/sites\/38\/2017\/07\/ListaConicas.pdf\">C\u00f4nicas<\/a> , <a href=\"http:\/\/www.professores.uff.br\/dirceuesu\/wp-content\/uploads\/sites\/38\/2017\/07\/ListaRegioesNoPlano.pdf\">Regioes no Plano e etc<\/a><\/li>\n<li><a href=\"http:\/\/www.professores.uff.br\/dirceuesu\/wp-content\/uploads\/sites\/38\/2017\/07\/ListaVetEspaco.pdf\">Sistema de Coordenadas e Vetores no Espa\u00e7o<\/a><\/li>\n<li><a href=\"http:\/\/www.professores.uff.br\/dirceuesu\/wp-content\/uploads\/sites\/38\/2017\/07\/ListaProdEscalar.pdf\">Produto Escalar e Aplica\u00e7\u00f5es<\/a><\/li>\n<li><a href=\"http:\/\/www.professores.uff.br\/dirceuesu\/wp-content\/uploads\/sites\/38\/2017\/07\/ListaVetorialMisto.pdf\">Produto Vetorial e Produto Misto<\/a><\/li>\n<li><a href=\"http:\/\/www.professores.uff.br\/dirceuesu\/wp-content\/uploads\/sites\/38\/2017\/07\/ListaEquacaoPlano.pdf\">Equa\u00e7\u00f5es do Plano<\/a><\/li>\n<li><a href=\"http:\/\/www.professores.uff.br\/dirceuesu\/wp-content\/uploads\/sites\/38\/2017\/07\/ListaRetaseAngulos.pdf\">Retas no Espa\u00e7o, \u00e2ngulos, etc<\/a><\/li>\n<li><a href=\"http:\/\/www.professores.uff.br\/dirceuesu\/wp-content\/uploads\/sites\/38\/2017\/07\/ListaRetasPosicoes.pdf\">Retas- planos, posi\u00e7\u00f5es relativas etc<\/a><\/li>\n<li><a href=\"http:\/\/www.professores.uff.br\/dirceuesu\/wp-content\/uploads\/sites\/38\/2017\/07\/ListaRetaPlanoIntersecoes.pdf\">Retas, planos, interse\u00e7\u00f5es, etc<\/a><\/li>\n<li><a href=\"http:\/\/www.professores.uff.br\/dirceuesu\/wp-content\/uploads\/sites\/38\/2017\/07\/ListaDistancias.pdf\">Dist\u00e2ncias no espa\u00e7o<\/a><\/li>\n<li><a href=\"http:\/\/www.professores.uff.br\/dirceuesu\/wp-content\/uploads\/sites\/38\/2017\/07\/ListaQuadricas.pdf\">Qu\u00e1dricas<\/a><\/li>\n<\/ul>\n<p><strong>Aviso:<\/strong><\/p>\n<p><span style=\"color: #993366;\">Aguarde nova lista.<\/span><\/p>\n<ul>\n<li><strong>Livro de Geometria B\u00e1sica &#8211; Roberto Geraldo Tavares Arnaut e Dirce Uesu Pesco<\/strong><br \/>\n<a href=\"http:\/\/www.professores.uff.br\/dirceuesu\/wp-content\/uploads\/sites\/38\/2017\/07\/GBaula1.pdf\">Aula 1<\/a>, <a href=\"http:\/\/www.professores.uff.br\/dirceuesu\/wp-content\/uploads\/sites\/38\/2017\/07\/GBaula2.pdf\">Aula 2<\/a> , <a href=\"http:\/\/www.professores.uff.br\/dirceuesu\/wp-content\/uploads\/sites\/38\/2017\/07\/GBaula3.pdf\">Aula 3 <\/a>, <a href=\"http:\/\/www.professores.uff.br\/dirceuesu\/wp-content\/uploads\/sites\/38\/2017\/07\/GBaula4.pdf\">Aula 4<\/a> , <a href=\"http:\/\/www.professores.uff.br\/dirceuesu\/wp-content\/uploads\/sites\/38\/2017\/07\/GBaula5.pdf\">Aula 5<\/a> , <a href=\"http:\/\/www.professores.uff.br\/dirceuesu\/wp-content\/uploads\/sites\/38\/2017\/07\/GBaula6.pdf\">Aula 6<\/a> , <a href=\"http:\/\/www.professores.uff.br\/dirceuesu\/wp-content\/uploads\/sites\/38\/2017\/07\/GBaula7.pdf\">Aula 7 <\/a>, <a href=\"http:\/\/www.professores.uff.br\/dirceuesu\/wp-content\/uploads\/sites\/38\/2017\/07\/GBaula8.pdf\">Aula 8<\/a> , <a href=\"http:\/\/www.professores.uff.br\/dirceuesu\/wp-content\/uploads\/sites\/38\/2017\/07\/GBaula9.pdf\">Aula 9<\/a> , <a href=\"http:\/\/www.professores.uff.br\/dirceuesu\/wp-content\/uploads\/sites\/38\/2017\/07\/GBaula10.pdf\">Aula 10<\/a> , <a href=\"http:\/\/www.professores.uff.br\/dirceuesu\/wp-content\/uploads\/sites\/38\/2017\/07\/GBaula11.pdf\">Aula 11<\/a> , <a href=\"http:\/\/www.professores.uff.br\/dirceuesu\/wp-content\/uploads\/sites\/38\/2017\/07\/GBaula12.pdf\">Aula 12<\/a> , <a href=\"http:\/\/www.professores.uff.br\/dirceuesu\/wp-content\/uploads\/sites\/38\/2017\/07\/GBaulaEP.pdf\">Exerc\u00edcios Propostos<\/a> , <a href=\"http:\/\/www.professores.uff.br\/dirceuesu\/wp-content\/uploads\/sites\/38\/2017\/07\/GBaulaER.pdf\">Gabarito<\/a><\/li>\n<\/ul>\n","protected":false},"excerpt":{"rendered":"<p>GGM00160 &#8211; GEOMETRIA ANAL\u00cdTICA E C\u00c1LCULO VETORIAL I &#8211; Turma A1 &#8211; Sala 203- ter\u00e7as e quintas : 09 as 11hs Informa\u00e7\u00f5es Gerais e Datas das Provas Programa da disciplina Nota final &#8211; GACV Geogebra: Como instalar, tutoriais e biblioteca , Software: Geogebra Material de Refer\u00eancia : Notas de aula Cap\u00edtulos 1 a 3 Cap\u00edtulos [&hellip;]<\/p>\n","protected":false},"author":22,"featured_media":0,"comment_status":"closed","ping_status":"closed","sticky":false,"template":"","format":"standard","meta":{"_exactmetrics_skip_tracking":false,"_exactmetrics_sitenote_active":false,"_exactmetrics_sitenote_note":"","_exactmetrics_sitenote_category":0,"footnotes":""},"categories":[3],"tags":[],"class_list":["post-116","post","type-post","status-publish","format-standard","hentry","category-notas-de-curso"],"_links":{"self":[{"href":"https:\/\/www.professores.uff.br\/dirceuesu\/wp-json\/wp\/v2\/posts\/116","targetHints":{"allow":["GET"]}}],"collection":[{"href":"https:\/\/www.professores.uff.br\/dirceuesu\/wp-json\/wp\/v2\/posts"}],"about":[{"href":"https:\/\/www.professores.uff.br\/dirceuesu\/wp-json\/wp\/v2\/types\/post"}],"author":[{"embeddable":true,"href":"https:\/\/www.professores.uff.br\/dirceuesu\/wp-json\/wp\/v2\/users\/22"}],"replies":[{"embeddable":true,"href":"https:\/\/www.professores.uff.br\/dirceuesu\/wp-json\/wp\/v2\/comments?post=116"}],"version-history":[{"count":1,"href":"https:\/\/www.professores.uff.br\/dirceuesu\/wp-json\/wp\/v2\/posts\/116\/revisions"}],"predecessor-version":[{"id":118,"href":"https:\/\/www.professores.uff.br\/dirceuesu\/wp-json\/wp\/v2\/posts\/116\/revisions\/118"}],"wp:attachment":[{"href":"https:\/\/www.professores.uff.br\/dirceuesu\/wp-json\/wp\/v2\/media?parent=116"}],"wp:term":[{"taxonomy":"category","embeddable":true,"href":"https:\/\/www.professores.uff.br\/dirceuesu\/wp-json\/wp\/v2\/categories?post=116"},{"taxonomy":"post_tag","embeddable":true,"href":"https:\/\/www.professores.uff.br\/dirceuesu\/wp-json\/wp\/v2\/tags?post=116"}],"curies":[{"name":"wp","href":"https:\/\/api.w.org\/{rel}","templated":true}]}}