{"id":119,"date":"2017-08-21T16:58:19","date_gmt":"2017-08-21T19:58:19","guid":{"rendered":"http:\/\/www.professores.uff.br\/dirceuesu\/?p=119"},"modified":"2020-09-03T12:25:28","modified_gmt":"2020-09-03T15:25:28","slug":"notas-de-curso-2012-1","status":"publish","type":"post","link":"https:\/\/www.professores.uff.br\/dirceuesu\/2017\/08\/21\/notas-de-curso-2012-1\/","title":{"rendered":"Notas de Curso &#8211; 2012.1"},"content":{"rendered":"<p><strong>GGM 00162 &#8211; Geometria Analitica I &#8211; Turma M1 &#8211; 2012.1<\/strong><\/p>\n<ul>\n<li><a href=\"http:\/\/www.professores.uff.br\/dirceuesu\/wp-content\/uploads\/sites\/38\/2017\/08\/1AulasGGM00162-121.pdf\">Informa\u00e7\u00f5es Gerais<\/a><\/li>\n<li><a href=\"http:\/\/www.professores.uff.br\/dirceuesu\/wp-content\/uploads\/sites\/38\/2017\/08\/2GGM00162Ementa.pdf\">Ementa da Disciplina<\/a><\/li>\n<li><a href=\"http:\/\/www.professores.uff.br\/dirceuesu\/wp-content\/uploads\/sites\/38\/2017\/08\/3GGM00162Programa.pdf\">Programa da Disciplina<\/a><\/li>\n<\/ul>\n<p><strong> GGM 001623 -Geometria Anal\u00edtica II &#8211; 2012.1<\/strong><\/p>\n<ul>\n<li><a href=\"http:\/\/www.professores.uff.br\/dirceuesu\/wp-content\/uploads\/sites\/38\/2017\/08\/4AulasGGM00163-121.pdf\">Informa\u00e7\u00f5es Gerais<\/a><\/li>\n<li><a href=\"http:\/\/www.professores.uff.br\/dirceuesu\/wp-content\/uploads\/sites\/38\/2017\/08\/5.1GGM00163Programa.pdf\">Programa da Disciplina<\/a><\/li>\n<\/ul>\n<p><strong> GGM 00160 &#8211; Geometria Anal\u00edtica e C\u00e1lculo Vetorial I &#8211; Turma A1 &#8211; 2012.2<\/strong><\/p>\n<ul>\n<li><a href=\"http:\/\/www.professores.uff.br\/dirceuesu\/wp-content\/uploads\/sites\/38\/2017\/08\/6.1AulasGGM00160-122-1.pdf\">Informa\u00e7\u00f5es Gerais<\/a><\/li>\n<li><a href=\"http:\/\/www.professores.uff.br\/dirceuesu\/wp-content\/uploads\/sites\/38\/2017\/08\/7.1GGM00160Programa-1.pdf\">Programa da Disciplina<\/a><\/li>\n<\/ul>\n<p><strong> GGM 00125 &#8211; Geometria Anal\u00edtica B\u00e1sica &#8211; Turma A1 &#8211; 2012.2<\/strong><\/p>\n<ul>\n<li><a href=\"http:\/\/www.professores.uff.br\/dirceuesu\/wp-content\/uploads\/sites\/38\/2017\/08\/8.1AulasGGM00125-122-1.pdf\">Informa\u00e7\u00f5es Gerais<\/a><\/li>\n<li><a href=\"http:\/\/www.professores.uff.br\/dirceuesu\/wp-content\/uploads\/sites\/38\/2017\/08\/9GGM00125Programa-1.pdf\">Programa da Disciplina<\/a><\/li>\n<\/ul>\n","protected":false},"excerpt":{"rendered":"<p>GGM 00162 &#8211; Geometria Analitica I &#8211; Turma M1 &#8211; 2012.1 Informa\u00e7\u00f5es Gerais Ementa da Disciplina Programa da Disciplina GGM 001623 -Geometria Anal\u00edtica II &#8211; 2012.1 Informa\u00e7\u00f5es Gerais Programa da Disciplina GGM 00160 &#8211; Geometria Anal\u00edtica e C\u00e1lculo Vetorial I &#8211; Turma A1 &#8211; 2012.2 Informa\u00e7\u00f5es Gerais Programa da Disciplina GGM 00125 &#8211; Geometria Anal\u00edtica [&hellip;]<\/p>\n","protected":false},"author":22,"featured_media":0,"comment_status":"closed","ping_status":"closed","sticky":false,"template":"","format":"standard","meta":{"_exactmetrics_skip_tracking":false,"_exactmetrics_sitenote_active":false,"_exactmetrics_sitenote_note":"","_exactmetrics_sitenote_category":0,"footnotes":""},"categories":[3],"tags":[],"class_list":["post-119","post","type-post","status-publish","format-standard","hentry","category-notas-de-curso"],"_links":{"self":[{"href":"https:\/\/www.professores.uff.br\/dirceuesu\/wp-json\/wp\/v2\/posts\/119","targetHints":{"allow":["GET"]}}],"collection":[{"href":"https:\/\/www.professores.uff.br\/dirceuesu\/wp-json\/wp\/v2\/posts"}],"about":[{"href":"https:\/\/www.professores.uff.br\/dirceuesu\/wp-json\/wp\/v2\/types\/post"}],"author":[{"embeddable":true,"href":"https:\/\/www.professores.uff.br\/dirceuesu\/wp-json\/wp\/v2\/users\/22"}],"replies":[{"embeddable":true,"href":"https:\/\/www.professores.uff.br\/dirceuesu\/wp-json\/wp\/v2\/comments?post=119"}],"version-history":[{"count":3,"href":"https:\/\/www.professores.uff.br\/dirceuesu\/wp-json\/wp\/v2\/posts\/119\/revisions"}],"predecessor-version":[{"id":138,"href":"https:\/\/www.professores.uff.br\/dirceuesu\/wp-json\/wp\/v2\/posts\/119\/revisions\/138"}],"wp:attachment":[{"href":"https:\/\/www.professores.uff.br\/dirceuesu\/wp-json\/wp\/v2\/media?parent=119"}],"wp:term":[{"taxonomy":"category","embeddable":true,"href":"https:\/\/www.professores.uff.br\/dirceuesu\/wp-json\/wp\/v2\/categories?post=119"},{"taxonomy":"post_tag","embeddable":true,"href":"https:\/\/www.professores.uff.br\/dirceuesu\/wp-json\/wp\/v2\/tags?post=119"}],"curies":[{"name":"wp","href":"https:\/\/api.w.org\/{rel}","templated":true}]}}