{"id":145,"date":"2017-08-23T09:41:25","date_gmt":"2017-08-23T12:41:25","guid":{"rendered":"http:\/\/www.professores.uff.br\/dirceuesu\/?p=145"},"modified":"2020-09-03T12:25:28","modified_gmt":"2020-09-03T15:25:28","slug":"notas-de-curso-2011","status":"publish","type":"post","link":"https:\/\/www.professores.uff.br\/dirceuesu\/2017\/08\/23\/notas-de-curso-2011\/","title":{"rendered":"Notas de Curso &#8211; 2011"},"content":{"rendered":"<p><strong>GGM 00162 &#8211; Geometria Analitica I &#8211; Turma M1 &#8211; 2011.1<\/strong><\/p>\n<ul>\n<li><a href=\"http:\/\/www.professores.uff.br\/dirceuesu\/wp-content\/uploads\/sites\/38\/2017\/08\/1AulasGGM00162-111.pdf\">Informa\u00e7\u00f5es Gerais<\/a><\/li>\n<li><a href=\"http:\/\/www.professores.uff.br\/dirceuesu\/wp-content\/uploads\/sites\/38\/2017\/08\/2GGM00162Ementa-1.pdf\">Ementa da Disciplina<\/a><\/li>\n<\/ul>\n<p><strong>Especializa\u00e7\u00e3o em Ensino de Matem\u00e1tica &#8211; 2011.1<\/strong><\/p>\n<ul>\n<li><a href=\"http:\/\/www.professores.uff.br\/dirceuesu\/wp-content\/uploads\/sites\/38\/2017\/08\/3EmentaGeometriaEspEnsMat.pdf\">Ementa da Disciplina<\/a><\/li>\n<\/ul>\n<p><strong>GGM 00162 &#8211; Geometria Anal\u00edtica I &#8211; Turma M1 &#8211; 2011.2<\/strong><\/p>\n<ul>\n<li><a href=\"http:\/\/www.professores.uff.br\/dirceuesu\/wp-content\/uploads\/sites\/38\/2017\/08\/4AulasGGM00162-112.pdf\">Informa\u00e7\u00f5es Gerais<\/a><\/li>\n<li><a href=\"http:\/\/www.professores.uff.br\/dirceuesu\/wp-content\/uploads\/sites\/38\/2017\/08\/5GGM00162Ementa.pdf\">Ementa da Disciplina<\/a><\/li>\n<\/ul>\n<p><strong>GGM 00161 &#8211; Geometria B\u00e1sica &#8211; Turma M1 &#8211; 2011.2<\/strong><\/p>\n<ul>\n<li><a href=\"http:\/\/www.professores.uff.br\/dirceuesu\/wp-content\/uploads\/sites\/38\/2017\/08\/6AulasGGM00161-112.pdf\">Informa\u00e7\u00f5es Gerais<\/a><\/li>\n<li><a href=\"http:\/\/www.professores.uff.br\/dirceuesu\/wp-content\/uploads\/sites\/38\/2017\/08\/7GGM00161Ementa.pdf\">Ementa da Disciplina<\/a><\/li>\n<\/ul>\n","protected":false},"excerpt":{"rendered":"<p>GGM 00162 &#8211; Geometria Analitica I &#8211; Turma M1 &#8211; 2011.1 Informa\u00e7\u00f5es Gerais Ementa da Disciplina Especializa\u00e7\u00e3o em Ensino de Matem\u00e1tica &#8211; 2011.1 Ementa da Disciplina GGM 00162 &#8211; Geometria Anal\u00edtica I &#8211; Turma M1 &#8211; 2011.2 Informa\u00e7\u00f5es Gerais Ementa da Disciplina GGM 00161 &#8211; Geometria B\u00e1sica &#8211; Turma M1 &#8211; 2011.2 Informa\u00e7\u00f5es Gerais Ementa [&hellip;]<\/p>\n","protected":false},"author":22,"featured_media":0,"comment_status":"closed","ping_status":"closed","sticky":false,"template":"","format":"standard","meta":{"_exactmetrics_skip_tracking":false,"_exactmetrics_sitenote_active":false,"_exactmetrics_sitenote_note":"","_exactmetrics_sitenote_category":0,"footnotes":""},"categories":[3],"tags":[],"class_list":["post-145","post","type-post","status-publish","format-standard","hentry","category-notas-de-curso"],"_links":{"self":[{"href":"https:\/\/www.professores.uff.br\/dirceuesu\/wp-json\/wp\/v2\/posts\/145","targetHints":{"allow":["GET"]}}],"collection":[{"href":"https:\/\/www.professores.uff.br\/dirceuesu\/wp-json\/wp\/v2\/posts"}],"about":[{"href":"https:\/\/www.professores.uff.br\/dirceuesu\/wp-json\/wp\/v2\/types\/post"}],"author":[{"embeddable":true,"href":"https:\/\/www.professores.uff.br\/dirceuesu\/wp-json\/wp\/v2\/users\/22"}],"replies":[{"embeddable":true,"href":"https:\/\/www.professores.uff.br\/dirceuesu\/wp-json\/wp\/v2\/comments?post=145"}],"version-history":[{"count":3,"href":"https:\/\/www.professores.uff.br\/dirceuesu\/wp-json\/wp\/v2\/posts\/145\/revisions"}],"predecessor-version":[{"id":155,"href":"https:\/\/www.professores.uff.br\/dirceuesu\/wp-json\/wp\/v2\/posts\/145\/revisions\/155"}],"wp:attachment":[{"href":"https:\/\/www.professores.uff.br\/dirceuesu\/wp-json\/wp\/v2\/media?parent=145"}],"wp:term":[{"taxonomy":"category","embeddable":true,"href":"https:\/\/www.professores.uff.br\/dirceuesu\/wp-json\/wp\/v2\/categories?post=145"},{"taxonomy":"post_tag","embeddable":true,"href":"https:\/\/www.professores.uff.br\/dirceuesu\/wp-json\/wp\/v2\/tags?post=145"}],"curies":[{"name":"wp","href":"https:\/\/api.w.org\/{rel}","templated":true}]}}