{"id":101,"date":"2018-12-13T21:32:53","date_gmt":"2018-12-13T23:32:53","guid":{"rendered":"http:\/\/www.professores.uff.br\/juliocesarmedeiros\/?p=101"},"modified":"2020-09-02T20:08:05","modified_gmt":"2020-09-02T23:08:05","slug":"dna-de-6-500-anos-aponta-para-a-migracao-antiga-na-regiao-do-levante-meridional-ao-norte-de-israel","status":"publish","type":"post","link":"https:\/\/www.professores.uff.br\/juliocesarmedeiros\/2018\/12\/13\/dna-de-6-500-anos-aponta-para-a-migracao-antiga-na-regiao-do-levante-meridional-ao-norte-de-israel\/","title":{"rendered":"DNA de 6.500 anos aponta para a migra\u00e7\u00e3o antiga na regi\u00e3o do Levante Meridional, ao norte de Israel."},"content":{"rendered":"<p>Segundo um novo estudo de DNA recentemente publicado na Nature Communications por pesquisadores da Universidade de Tel Aviv (TAU)H\u00e1 cerca de 6.500 anos, os humanos migraram da Turquia moderna e das montanhas Zagros do Ir\u00e3 para a regi\u00e3o da Alta Galil\u00e9ia, ajudando a introduzir mudan\u00e7as culturais no <i>Levante meridional<\/i> durante o per\u00edodo de transi\u00e7\u00e3o entre o Neol\u00edtico e a Idade do Bronze.\u00a0 Este \u00e9 um dos maiores estudos de DNA realizado no antigo Oriente Pr\u00f3ximo, nele, os pesquisadores conduziram an\u00e1lises de genoma completo em 22 esqueletos da Caverna Peqi&#8217;in, no norte de Israel.<\/p>\n<p>&nbsp;<\/p>\n<p><img loading=\"lazy\" decoding=\"async\" class=\"wp-image-148 aligncenter\" src=\"http:\/\/gulho.com.br\/wp-content\/uploads\/2018\/09\/capturar.png\" alt=\"Capturar\" width=\"430\" height=\"270\" \/><\/p>\n<p>Em tal caverna, foram encontrados cerca de 600 indiv\u00edduos em cerca de 200 ossu\u00e1rios,bem como dezenas de bens sepultados.<\/p>\n<p>Temos ali :\u00a0 ossu\u00e1rios elaboradamente moldados, esculturas antropom\u00f3rficas, elegantes bacias cerimoniais e uma estatueta de marfim. Tal achado tem sua relev\u00e2ncia por refletir os estilos de v\u00e1rias subculturas diferentes na Palestina Calcol\u00edtica, onde se pensava existir em relativo isolamento entre si.<\/p>\n<p>&nbsp;<\/p>\n<p>&nbsp;<\/p>\n<p><!--more--><\/p>\n<p>https:\/\/www.nature.com\/articles\/s41467-018-05649-9<\/p>\n","protected":false},"excerpt":{"rendered":"<p>Segundo um novo estudo de DNA recentemente publicado na Nature Communications por pesquisadores da Universidade de Tel Aviv (TAU)H\u00e1 cerca de 6.500 anos, os humanos migraram da Turquia moderna e das montanhas Zagros do Ir\u00e3 para a regi\u00e3o da Alta Galil\u00e9ia, ajudando a introduzir mudan\u00e7as culturais no Levante meridional durante o per\u00edodo de transi\u00e7\u00e3o entre [&hellip;]<\/p>\n","protected":false},"author":209,"featured_media":102,"comment_status":"closed","ping_status":"closed","sticky":false,"template":"","format":"standard","meta":{"_exactmetrics_skip_tracking":false,"_exactmetrics_sitenote_active":false,"_exactmetrics_sitenote_note":"","_exactmetrics_sitenote_category":0,"footnotes":""},"categories":[11,10,12,2],"tags":[14,13,15],"class_list":["post-101","post","type-post","status-publish","format-standard","has-post-thumbnail","hentry","category-africa-antiga","category-antropologia","category-arqueologia","category-historia","tag-arqueologia","tag-historia","tag-ritualdesepultamento"],"_links":{"self":[{"href":"https:\/\/www.professores.uff.br\/juliocesarmedeiros\/wp-json\/wp\/v2\/posts\/101","targetHints":{"allow":["GET"]}}],"collection":[{"href":"https:\/\/www.professores.uff.br\/juliocesarmedeiros\/wp-json\/wp\/v2\/posts"}],"about":[{"href":"https:\/\/www.professores.uff.br\/juliocesarmedeiros\/wp-json\/wp\/v2\/types\/post"}],"author":[{"embeddable":true,"href":"https:\/\/www.professores.uff.br\/juliocesarmedeiros\/wp-json\/wp\/v2\/users\/209"}],"replies":[{"embeddable":true,"href":"https:\/\/www.professores.uff.br\/juliocesarmedeiros\/wp-json\/wp\/v2\/comments?post=101"}],"version-history":[{"count":3,"href":"https:\/\/www.professores.uff.br\/juliocesarmedeiros\/wp-json\/wp\/v2\/posts\/101\/revisions"}],"predecessor-version":[{"id":105,"href":"https:\/\/www.professores.uff.br\/juliocesarmedeiros\/wp-json\/wp\/v2\/posts\/101\/revisions\/105"}],"wp:featuredmedia":[{"embeddable":true,"href":"https:\/\/www.professores.uff.br\/juliocesarmedeiros\/wp-json\/wp\/v2\/media\/102"}],"wp:attachment":[{"href":"https:\/\/www.professores.uff.br\/juliocesarmedeiros\/wp-json\/wp\/v2\/media?parent=101"}],"wp:term":[{"taxonomy":"category","embeddable":true,"href":"https:\/\/www.professores.uff.br\/juliocesarmedeiros\/wp-json\/wp\/v2\/categories?post=101"},{"taxonomy":"post_tag","embeddable":true,"href":"https:\/\/www.professores.uff.br\/juliocesarmedeiros\/wp-json\/wp\/v2\/tags?post=101"}],"curies":[{"name":"wp","href":"https:\/\/api.w.org\/{rel}","templated":true}]}}