{"id":341,"date":"2018-12-24T08:18:44","date_gmt":"2018-12-24T10:18:44","guid":{"rendered":"http:\/\/www.professores.uff.br\/juliocesarmedeiros\/?p=341"},"modified":"2020-09-02T20:08:04","modified_gmt":"2020-09-02T23:08:04","slug":"johnson-johnson-sabia-ha-decadas-da-presenca-de-asbesto-em-seu-talco-24122018-uol-noticias","status":"publish","type":"post","link":"https:\/\/www.professores.uff.br\/juliocesarmedeiros\/2018\/12\/24\/johnson-johnson-sabia-ha-decadas-da-presenca-de-asbesto-em-seu-talco-24122018-uol-noticias\/","title":{"rendered":"Johnson &amp; Johnson sabia h\u00e1 d\u00e9cadas da presen\u00e7a de asbesto em seu talco &#8211; 24\/12\/2018 &#8211; UOL Not\u00edcias"},"content":{"rendered":"<p>A rela\u00e7\u00e3o entre ci\u00eancia, pesquisa e adoeciemento \u00e9 de fato algo intrincado, de dificil compreens\u00e3o e que parece estar longe de ter um desfecho favor\u00e1vel para os consumidores. Esta mat\u00e9ria demonstra como os interesses economicos geralmente s\u00e3o conflitantes com os dos consusmidores e mais, o papel das pesquisas dentro deste intincado quebra-cabe\u00e7a.<\/p>\n<p>Leia a mat\u00e9ria compelta em: <em><a href=\"https:\/\/noticias.uol.com.br\/saude\/ultimas-noticias\/redacao\/2018\/12\/24\/johnson--johnson-sabia-ha-decadas-da-presenca-de-asbesto-em-seu-talco.htm\">Johnson &amp; Johnson sabia h\u00e1 d\u00e9cadas da presen\u00e7a de asbesto em seu talco &#8211; 24\/12\/2018 &#8211; UOL Not\u00edcias<\/a><\/em><\/p>\n","protected":false},"excerpt":{"rendered":"<p>A rela\u00e7\u00e3o entre ci\u00eancia, pesquisa e adoeciemento \u00e9 de fato algo intrincado, de dificil compreens\u00e3o e que parece estar longe de ter um desfecho favor\u00e1vel para os consumidores. Esta mat\u00e9ria demonstra como os interesses economicos geralmente s\u00e3o conflitantes com os dos consusmidores e mais, o papel das pesquisas dentro deste intincado quebra-cabe\u00e7a. Leia a mat\u00e9ria [&hellip;]<\/p>\n","protected":false},"author":209,"featured_media":0,"comment_status":"closed","ping_status":"closed","sticky":false,"template":"","format":"standard","meta":{"_exactmetrics_skip_tracking":false,"_exactmetrics_sitenote_active":false,"_exactmetrics_sitenote_note":"","_exactmetrics_sitenote_category":0,"footnotes":""},"categories":[3,26],"tags":[34,29],"class_list":["post-341","post","type-post","status-publish","format-standard","hentry","category-ciencias","category-saude-e-adocimento","tag-pesquisacientifica","tag-saudeadoecimento"],"_links":{"self":[{"href":"https:\/\/www.professores.uff.br\/juliocesarmedeiros\/wp-json\/wp\/v2\/posts\/341","targetHints":{"allow":["GET"]}}],"collection":[{"href":"https:\/\/www.professores.uff.br\/juliocesarmedeiros\/wp-json\/wp\/v2\/posts"}],"about":[{"href":"https:\/\/www.professores.uff.br\/juliocesarmedeiros\/wp-json\/wp\/v2\/types\/post"}],"author":[{"embeddable":true,"href":"https:\/\/www.professores.uff.br\/juliocesarmedeiros\/wp-json\/wp\/v2\/users\/209"}],"replies":[{"embeddable":true,"href":"https:\/\/www.professores.uff.br\/juliocesarmedeiros\/wp-json\/wp\/v2\/comments?post=341"}],"version-history":[{"count":1,"href":"https:\/\/www.professores.uff.br\/juliocesarmedeiros\/wp-json\/wp\/v2\/posts\/341\/revisions"}],"predecessor-version":[{"id":342,"href":"https:\/\/www.professores.uff.br\/juliocesarmedeiros\/wp-json\/wp\/v2\/posts\/341\/revisions\/342"}],"wp:attachment":[{"href":"https:\/\/www.professores.uff.br\/juliocesarmedeiros\/wp-json\/wp\/v2\/media?parent=341"}],"wp:term":[{"taxonomy":"category","embeddable":true,"href":"https:\/\/www.professores.uff.br\/juliocesarmedeiros\/wp-json\/wp\/v2\/categories?post=341"},{"taxonomy":"post_tag","embeddable":true,"href":"https:\/\/www.professores.uff.br\/juliocesarmedeiros\/wp-json\/wp\/v2\/tags?post=341"}],"curies":[{"name":"wp","href":"https:\/\/api.w.org\/{rel}","templated":true}]}}