{"id":429,"date":"2019-09-04T15:12:45","date_gmt":"2019-09-04T18:12:45","guid":{"rendered":"http:\/\/www.professores.uff.br\/juliocesarmedeiros\/?p=429"},"modified":"2020-09-02T20:08:03","modified_gmt":"2020-09-02T23:08:03","slug":"as-origens-da-revolucao-industrial-comentario-a-eric-hobsbawm","status":"publish","type":"post","link":"https:\/\/www.professores.uff.br\/juliocesarmedeiros\/2019\/09\/04\/as-origens-da-revolucao-industrial-comentario-a-eric-hobsbawm\/","title":{"rendered":"As origens da Revolu\u00e7\u00e3o Industrial (Coment\u00e1rio \u00e0 Eric Hobsbawm"},"content":{"rendered":"\n<p>A Revolu\u00e7\u00e3o Industrial <\/p>\n\n\n\n<p>Dizer ao certo onde come\u00e7ou a\nchamada Revolu\u00e7\u00e3o Industrial ou&nbsp; \u201cevolu\u00e7\u00e3o\nacelerada\u201d foi algo que durante muito tempo integrou os &nbsp;historiadores, por\u00e9m Eric Hobsbawm em seu\nlivro \u201cA Era das Revolu\u00e7\u00f5es: 1789-1848\u201d defende a data de 1780 para o inicio do\n&nbsp;que chamou de a maior revolu\u00e7\u00e3o da\nhistoria no mundo. <\/p>\n\n\n\n<p>A Revolu\u00e7\u00e3o Industrial nada mais\nfoi que uma profunda mudan\u00e7a &nbsp;tecnol\u00f3gica\nno meio de produ\u00e7\u00e3o da sociedade inglesa que a partir &nbsp;da\u00ed dar-se inicio a uma nova rela\u00e7\u00e3o entre o\ntermo que surge &nbsp;chamado de capital e o\nmodo de produ\u00e7\u00e3o que foi implementado. A principal mudan\u00e7a se deu no meio\nagr\u00edcola onde a agricultura n\u00e3o &nbsp;ser\u00e1\nmais o motor da sociedade e sim o trabalho por meio de &nbsp;m\u00e1quinas que gera uma acumula\u00e7\u00e3o de capital. <\/p>\n\n\n\n<p>A Revolu\u00e7\u00e3o Industrial trouxe\nconsigo a centraliza\u00e7\u00e3o do &nbsp;processo\nprodutivo mas m\u00e3os de uma pessoa que ser\u00e1 o patr\u00e3o, &nbsp;onde o objetivo ser\u00e1 a obten\u00e7\u00e3o de lucro.\nEntre esses meios de &nbsp;processos os\ntrabalhadores ter\u00e3o que a controlar m\u00e1quinas, o &nbsp;trabalho realizado por esse meio ficou\nconhecido como &nbsp;maquinofatura. <\/p>\n\n\n\n<p>O processo que desencadeou essa revolu\u00e7\u00e3o\nfoi o aumento das &nbsp;cidades que cada vez\nprecisavam de t\u00eaxteis \u2013 que tinha um &nbsp;desenvolvimento\nlento \u2013 alimentos e bebidas, cer\u00e2micas e outros &nbsp;produtos de uso domestico, da\u00ed surgiram as\nprimeiras industrias por &nbsp;volta de 1840. <\/p>\n\n\n\n<p>A industria que logo se destacou\nfoi a de algod\u00e3o, j\u00e1 que este era &nbsp;a\nprincipal mat\u00e9ria-prima dos ingleses, logo foi vista como parte &nbsp;principal para a cria\u00e7\u00e3o de novas tecnologias,\nonde surgem a <\/p>\n\n\n\n<p>m\u00e1quina de fiar, o tear movido a\n\u00e1gua, a fiadeira autom\u00e1tica e logo &nbsp;mais\ntarde a m\u00e1quina de fiar a motor. Por\u00e9m o algod\u00e3o n\u00e3o era &nbsp;nativo da Inglaterra, provinha das expans\u00f5es\ncolonialistas. <\/p>\n\n\n\n<figure class=\"wp-block-image\"><img loading=\"lazy\" decoding=\"async\" width=\"400\" height=\"325\" src=\"http:\/\/www.professores.uff.br\/juliocesarmedeiros\/wp-content\/uploads\/sites\/191\/2019\/09\/maquinas-de-fiar.jpg\" alt=\"\" class=\"wp-image-431\" srcset=\"https:\/\/www.professores.uff.br\/juliocesarmedeiros\/wp-content\/uploads\/sites\/191\/2019\/09\/maquinas-de-fiar.jpg 400w, https:\/\/www.professores.uff.br\/juliocesarmedeiros\/wp-content\/uploads\/sites\/191\/2019\/09\/maquinas-de-fiar-300x244.jpg 300w\" sizes=\"auto, (max-width: 400px) 100vw, 400px\" \/><figcaption>M\u00e1quina de Fiar<\/figcaption><\/figure>\n\n\n\n<p>O crescimento da industria\nalgodoeira foi tanto necess\u00e1ria para &nbsp;abastecer\nas demandas e gerou o capital que a Inglaterra precisava &nbsp;para sua revolu\u00e7\u00e3o, que segundo o autor faz\numa alus\u00e3o a <\/p>\n\n\n\n<p>Revolu\u00e7\u00e3o Francesa, logo que que\ntamb\u00e9m foi de car\u00e1ter econ\u00f4mico &nbsp;e\nsocial. <\/p>\n\n\n\n<p>Tamb\u00e9m, outras pequenas coisas\ncontribu\u00edram aos poucos para &nbsp;a mudan\u00e7a\ndos modos de produ\u00e7\u00e3o como uma mair utilizac\u00e3o do &nbsp;ferro como a pudelagem e a lamina\u00e7\u00e3o, mais um\nponto que n\u00e3o &nbsp;pode ser deixado de lado e\no fato do investimento estrangeiro na &nbsp;Inglaterra,\npois a maiorias dos pa\u00edses ainda estavam se &nbsp;recuperando das guerras napole\u00f4nicas e pediam\nempr\u00e9stimos a &nbsp;Inglaterra para sua\nrecupera\u00e7\u00e3o. <\/p>\n\n\n\n<p>O autor busca tra\u00e7ar o \u00edmpeto da\nindustrializa\u00e7\u00e3o que considera &nbsp;o\nprincipal, a m\u00e3o-de-obra, a Revolu\u00e7\u00e3o Industrial alterou &nbsp;profundamente as condi\u00e7\u00f5es de vida do\ntrabalhador bra\u00e7al, &nbsp;provocando\ninicialmente um intenso deslocamento da popula\u00e7\u00e3o &nbsp;rural para as cidades, quanto mais gente para\ntrabalhar, maior ser\u00e1 o &nbsp;lucro,\nprincipalmente nesse per\u00edodo que as popula\u00e7\u00f5es se &nbsp;avolumaram em torno das fabricas, criando\nassim verdadeiras &nbsp;cidades sem\ninfra-estrutura para comportar tanta gente em um &nbsp;pequeno espa\u00e7o, esse \u00e9 o que chamamos de\ntransfer\u00eancia de &nbsp;recursos econ\u00f4micos. <\/p>\n\n\n\n<figure class=\"wp-block-image\"><img loading=\"lazy\" decoding=\"async\" width=\"600\" height=\"440\" src=\"http:\/\/www.professores.uff.br\/juliocesarmedeiros\/wp-content\/uploads\/sites\/191\/2019\/09\/269a448583e52c35e21ca9c2e81f0d48.jpg\" alt=\"\" class=\"wp-image-432\" srcset=\"https:\/\/www.professores.uff.br\/juliocesarmedeiros\/wp-content\/uploads\/sites\/191\/2019\/09\/269a448583e52c35e21ca9c2e81f0d48.jpg 600w, https:\/\/www.professores.uff.br\/juliocesarmedeiros\/wp-content\/uploads\/sites\/191\/2019\/09\/269a448583e52c35e21ca9c2e81f0d48-300x220.jpg 300w\" sizes=\"auto, (max-width: 600px) 100vw, 600px\" \/><figcaption>Os Cercamentos<\/figcaption><\/figure>\n\n\n\n<p>A verdadeira revolu\u00e7\u00e3o se deu no\ncampo social e n\u00e3o &nbsp;tecnol\u00f3gico, pois foi\nna mudan\u00e7a de vida das pessoas que marcou a &nbsp;transi\u00e7\u00e3o de um modelo agr\u00e1rio e dependente da\nterra, para algo &nbsp;que impulsionasse para\numa evolu\u00e7\u00e3o, por\u00e9m nem toda evolu\u00e7\u00e3o e &nbsp;ben\u00e9fica,\nn\u00e3o que a revolu\u00e7\u00e3o industrial n\u00e3o tenha sido, digo que &nbsp;com ela surgiu problemas que antes n\u00e3o era\nposs\u00edveis, considero &nbsp;com a leitura desse\ntexto fica claro que neste ponto da hist\u00f3ria um &nbsp;novo caminho se abre, caminho esse que at\u00e9\nhoje esta sendo &nbsp;tra\u00e7ado seja atrav\u00e9s de\nvarias variantes da revolu\u00e7\u00e3o industrial ou &nbsp;da cibern\u00e9tica, mas o impacto que a revolu\u00e7\u00e3o\nna Inglaterra cousou &nbsp;foi \u00fanica, novos\nconceitos surgiram como proletariado, capital, maisvalia &nbsp;e tantos outros agregados ao socialismo fruto\ndas &nbsp;desigualdades desse modelo de\nprodu\u00e7\u00e3o.<\/p>\n","protected":false},"excerpt":{"rendered":"<p>A Revolu\u00e7\u00e3o Industrial nada mais foi que uma profunda mudan\u00e7a  tecnol\u00f3gica no meio de produ\u00e7\u00e3o da sociedade inglesa que a partir  da\u00ed dar-se inicio a uma nova rela\u00e7\u00e3o entre o termo que surge  chamado de capital e o modo de produ\u00e7\u00e3o que foi implementado. A principal mudan\u00e7a se deu no meio agr\u00edcola onde a agricultura n\u00e3o  ser\u00e1 mais o motor da sociedade e sim o trabalho por meio de  m\u00e1quinas que gera uma acumula\u00e7\u00e3o de capital.<\/p>\n","protected":false},"author":209,"featured_media":430,"comment_status":"closed","ping_status":"closed","sticky":true,"template":"","format":"standard","meta":{"_exactmetrics_skip_tracking":false,"_exactmetrics_sitenote_active":false,"_exactmetrics_sitenote_note":"","_exactmetrics_sitenote_category":0,"footnotes":""},"categories":[59,4,1],"tags":[65,64,88],"class_list":["post-429","post","type-post","status-publish","format-standard","has-post-thumbnail","hentry","category-enem","category-historiografia","category-sem-categoria","tag-cercamentos","tag-revolucaoindustrial","tag-erichobsbawm"],"_links":{"self":[{"href":"https:\/\/www.professores.uff.br\/juliocesarmedeiros\/wp-json\/wp\/v2\/posts\/429","targetHints":{"allow":["GET"]}}],"collection":[{"href":"https:\/\/www.professores.uff.br\/juliocesarmedeiros\/wp-json\/wp\/v2\/posts"}],"about":[{"href":"https:\/\/www.professores.uff.br\/juliocesarmedeiros\/wp-json\/wp\/v2\/types\/post"}],"author":[{"embeddable":true,"href":"https:\/\/www.professores.uff.br\/juliocesarmedeiros\/wp-json\/wp\/v2\/users\/209"}],"replies":[{"embeddable":true,"href":"https:\/\/www.professores.uff.br\/juliocesarmedeiros\/wp-json\/wp\/v2\/comments?post=429"}],"version-history":[{"count":2,"href":"https:\/\/www.professores.uff.br\/juliocesarmedeiros\/wp-json\/wp\/v2\/posts\/429\/revisions"}],"predecessor-version":[{"id":434,"href":"https:\/\/www.professores.uff.br\/juliocesarmedeiros\/wp-json\/wp\/v2\/posts\/429\/revisions\/434"}],"wp:featuredmedia":[{"embeddable":true,"href":"https:\/\/www.professores.uff.br\/juliocesarmedeiros\/wp-json\/wp\/v2\/media\/430"}],"wp:attachment":[{"href":"https:\/\/www.professores.uff.br\/juliocesarmedeiros\/wp-json\/wp\/v2\/media?parent=429"}],"wp:term":[{"taxonomy":"category","embeddable":true,"href":"https:\/\/www.professores.uff.br\/juliocesarmedeiros\/wp-json\/wp\/v2\/categories?post=429"},{"taxonomy":"post_tag","embeddable":true,"href":"https:\/\/www.professores.uff.br\/juliocesarmedeiros\/wp-json\/wp\/v2\/tags?post=429"}],"curies":[{"name":"wp","href":"https:\/\/api.w.org\/{rel}","templated":true}]}}