{"id":542,"date":"2020-09-08T17:48:24","date_gmt":"2020-09-08T20:48:24","guid":{"rendered":"http:\/\/www.professores.uff.br\/juliocesarmedeiros\/?p=542"},"modified":"2020-09-08T17:48:24","modified_gmt":"2020-09-08T20:48:24","slug":"trafico-transatlantico-de-escravizados-em-perspectiva","status":"publish","type":"post","link":"https:\/\/www.professores.uff.br\/juliocesarmedeiros\/2020\/09\/08\/trafico-transatlantico-de-escravizados-em-perspectiva\/","title":{"rendered":"Tr\u00e1fico transatl\u00e2ntico de Escravizados em Perspectiva"},"content":{"rendered":"\n<p>O Prof. Dr. J\u00falio C\u00e9sar Medeiros, no projeto &#8221; Em perspectiva&#8221;, promovido pelo N\u00facleo de Pesquisa Sankofa-UFF, rno LAPEH, recebem o Arque\u00f3logo Reinaldo Tavares (IPN) para falar sobre novas perspectivas em rela\u00e7\u00e3o ao desembarque de escravizados no Rio de Janeiro.<\/p>\n\n\n\n<figure class=\"wp-block-embed-youtube wp-block-embed is-type-video is-provider-youtube wp-embed-aspect-16-9 wp-has-aspect-ratio\"><div class=\"wp-block-embed__wrapper\">\n<iframe loading=\"lazy\" title=\"Tr\u00e1fico transatl\u00e2ntico em perspectiva: Da alf\u00e2ndega ao Valongo: A entrada dos cativos  no Valongo\" width=\"500\" height=\"281\" src=\"https:\/\/www.youtube.com\/embed\/J0_W72aAlZw?feature=oembed\" frameborder=\"0\" allow=\"accelerometer; autoplay; clipboard-write; encrypted-media; gyroscope; picture-in-picture; web-share\" referrerpolicy=\"strict-origin-when-cross-origin\" allowfullscreen><\/iframe>\n<\/div><\/figure>\n\n\n<ul class=\"wp-block-latest-posts__list wp-block-latest-posts\"><li><a class=\"wp-block-latest-posts__post-title\" href=\"https:\/\/www.professores.uff.br\/juliocesarmedeiros\/2025\/12\/21\/9o-congresso-pan-africano-em-lome-togo\/\">9\u00ba Congresso Pan Africano em Lom\u00e9-Togo<\/a><\/li>\n<li><a class=\"wp-block-latest-posts__post-title\" href=\"https:\/\/www.professores.uff.br\/juliocesarmedeiros\/2025\/10\/07\/a-flor-da-terra-o-cemiterio-dos-pretos-novos-no-rio-de-janeiro-um-livro-sobre-o-silencio-a-memoria-e-a-humanidade-negada\/\">\u00c0 Flor da Terra: o Cemit\u00e9rio dos Pretos Novos no Rio de Janeiro.  Um livro sobre o sil\u00eancio, a mem\u00f3ria e a humanidade negada<\/a><\/li>\n<li><a class=\"wp-block-latest-posts__post-title\" href=\"https:\/\/www.professores.uff.br\/juliocesarmedeiros\/2025\/04\/29\/o-cemiterio-dos-pretos-novos-historia-esquecimento-e-redescoberta-na-zona-portuaria-do-rio-de-janeiro\/\">O Cemit\u00e9rio dos Pretos Novos: Hist\u00f3ria, Esquecimento e Redescoberta na Zona Portu\u00e1ria do Rio de Janeiro<\/a><\/li>\n<li><a class=\"wp-block-latest-posts__post-title\" href=\"https:\/\/www.professores.uff.br\/juliocesarmedeiros\/2025\/03\/01\/da-academia-para-a-avenida-pesquisa-de-professor-da-uff-vira-enredo-da-mangueira\/\">Da academia para a avenida: pesquisa de professor da UFF vira enredo da Mangueira<\/a><\/li>\n<li><a class=\"wp-block-latest-posts__post-title\" href=\"https:\/\/www.professores.uff.br\/juliocesarmedeiros\/2025\/02\/22\/a-flor-da-terra-enredo-da-mangueira-2025-inspira-se-na-pesquisa-de-professor-da-uff-do-campus-de-santo-anto%cc%82nio-de-padua-2\/\">A\u0300 Flor da Terra: Enredo da Mangueira 2025 inspira-se na pesquisa de Professor da UFF do Campus de Santo Anto\u0302nio de Pa\u0301dua<\/a><\/li>\n<\/ul>","protected":false},"excerpt":{"rendered":"<p>O Prof. Dr. J\u00falio C\u00e9sar Medeiros, no projeto &#8221; Em perspectiva&#8221;, promovido pelo N\u00facleo de Pesquisa Sankofa-UFF, rno LAPEH, recebem o Arque\u00f3logo Reinaldo Tavares (IPN) para falar sobre novas perspectivas em rela\u00e7\u00e3o ao desembarque de escravizados no Rio de Janeiro.<\/p>\n","protected":false},"author":209,"featured_media":0,"comment_status":"closed","ping_status":"closed","sticky":true,"template":"","format":"standard","meta":{"_exactmetrics_skip_tracking":false,"_exactmetrics_sitenote_active":false,"_exactmetrics_sitenote_note":"","_exactmetrics_sitenote_category":0,"footnotes":""},"categories":[11,115],"tags":[124,118,119,132,127,117,128,133,125,126,130,131,129,121,120,123,122,116],"class_list":["post-542","post","type-post","status-publish","format-standard","hentry","category-africa-antiga","category-trafico-negreiro","tag-cais-da-imperatriz","tag-cais-do-valongo","tag-cais-do-valongo-historia","tag-cemiteriodos-pretos-novos","tag-diaspora-africana","tag-escravidao","tag-escravidao-africana","tag-historia-3","tag-historia-da-escravidao","tag-projeto-trama","tag-slave-trade","tag-slave-trader-statue-bristol","tag-trafico-escravista","tag-trafico-negreiro","tag-trafico-negreiro-para-o-brasil","tag-trafico-transatlantico-de-escravizados","tag-trafico-transatlantico-em-perspectiva-da-alfandega-ao-valongo-a-entrada-dos-cativos-no-valongo","tag-traficonereir"],"_links":{"self":[{"href":"https:\/\/www.professores.uff.br\/juliocesarmedeiros\/wp-json\/wp\/v2\/posts\/542","targetHints":{"allow":["GET"]}}],"collection":[{"href":"https:\/\/www.professores.uff.br\/juliocesarmedeiros\/wp-json\/wp\/v2\/posts"}],"about":[{"href":"https:\/\/www.professores.uff.br\/juliocesarmedeiros\/wp-json\/wp\/v2\/types\/post"}],"author":[{"embeddable":true,"href":"https:\/\/www.professores.uff.br\/juliocesarmedeiros\/wp-json\/wp\/v2\/users\/209"}],"replies":[{"embeddable":true,"href":"https:\/\/www.professores.uff.br\/juliocesarmedeiros\/wp-json\/wp\/v2\/comments?post=542"}],"version-history":[{"count":1,"href":"https:\/\/www.professores.uff.br\/juliocesarmedeiros\/wp-json\/wp\/v2\/posts\/542\/revisions"}],"predecessor-version":[{"id":543,"href":"https:\/\/www.professores.uff.br\/juliocesarmedeiros\/wp-json\/wp\/v2\/posts\/542\/revisions\/543"}],"wp:attachment":[{"href":"https:\/\/www.professores.uff.br\/juliocesarmedeiros\/wp-json\/wp\/v2\/media?parent=542"}],"wp:term":[{"taxonomy":"category","embeddable":true,"href":"https:\/\/www.professores.uff.br\/juliocesarmedeiros\/wp-json\/wp\/v2\/categories?post=542"},{"taxonomy":"post_tag","embeddable":true,"href":"https:\/\/www.professores.uff.br\/juliocesarmedeiros\/wp-json\/wp\/v2\/tags?post=542"}],"curies":[{"name":"wp","href":"https:\/\/api.w.org\/{rel}","templated":true}]}}