{"id":695,"date":"2021-03-19T18:44:19","date_gmt":"2021-03-19T21:44:19","guid":{"rendered":"http:\/\/www.professores.uff.br\/juliocesarmedeiros\/?p=695"},"modified":"2021-03-19T18:46:10","modified_gmt":"2021-03-19T21:46:10","slug":"aspectos-da-arte-africana","status":"publish","type":"post","link":"https:\/\/www.professores.uff.br\/juliocesarmedeiros\/2021\/03\/19\/aspectos-da-arte-africana\/","title":{"rendered":"Aspectos da Arte Africana"},"content":{"rendered":"\n<figure class=\"wp-block-embed-spotify wp-block-embed is-type-rich is-provider-spotify wp-embed-aspect-21-9 wp-has-aspect-ratio\"><div class=\"wp-block-embed__wrapper\">\n<iframe title=\"Spotify Embed: Aspectos da Arte Africana em Frank Willett.\" style=\"border-radius: 12px\" width=\"100%\" height=\"152\" frameborder=\"0\" allowfullscreen allow=\"autoplay; clipboard-write; encrypted-media; fullscreen; picture-in-picture\" loading=\"lazy\" src=\"https:\/\/open.spotify.com\/embed\/episode\/4rOGO4zWttHFSrYOLtWUER?si=PkU7XTypSVGYjHoM0ZYExg&#038;utm_source=oembed\"><\/iframe>\n<\/div><\/figure>\n","protected":false},"excerpt":{"rendered":"<p>Neste epis\u00f3dio, J\u00falio C\u00e9sar bate um papo com o professor Silas Fiorotti sobre Arte Africana, a partir da obra &#8220;Arte Africana&#8221; do autor Frank Willett. Falamos sobre a conceitua\u00e7\u00e3o &#8220;primitivo&#8221; e os principais aspectos da Arte Africana. Vale \u00e0 pena conferir!<br \/>\n(Trabalho produzido pelo prof. J\u00falio C\u00e9sar, dentro do projeto Trama, do N\u00facleo de Pesquisa Sankofa-UFF)<\/p>\n","protected":false},"author":209,"featured_media":697,"comment_status":"open","ping_status":"open","sticky":true,"template":"","format":"standard","meta":{"_exactmetrics_skip_tracking":false,"_exactmetrics_sitenote_active":false,"_exactmetrics_sitenote_note":"","_exactmetrics_sitenote_category":0,"footnotes":""},"categories":[10,200,137,198],"tags":[16,201,202,199],"class_list":["post-695","post","type-post","status-publish","format-standard","has-post-thumbnail","hentry","category-antropologia","category-arte-africana","category-historia-contemporanea","category-podcast","tag-culturaafricana","tag-arte-africana","tag-frank-willett","tag-podcast"],"_links":{"self":[{"href":"https:\/\/www.professores.uff.br\/juliocesarmedeiros\/wp-json\/wp\/v2\/posts\/695","targetHints":{"allow":["GET"]}}],"collection":[{"href":"https:\/\/www.professores.uff.br\/juliocesarmedeiros\/wp-json\/wp\/v2\/posts"}],"about":[{"href":"https:\/\/www.professores.uff.br\/juliocesarmedeiros\/wp-json\/wp\/v2\/types\/post"}],"author":[{"embeddable":true,"href":"https:\/\/www.professores.uff.br\/juliocesarmedeiros\/wp-json\/wp\/v2\/users\/209"}],"replies":[{"embeddable":true,"href":"https:\/\/www.professores.uff.br\/juliocesarmedeiros\/wp-json\/wp\/v2\/comments?post=695"}],"version-history":[{"count":2,"href":"https:\/\/www.professores.uff.br\/juliocesarmedeiros\/wp-json\/wp\/v2\/posts\/695\/revisions"}],"predecessor-version":[{"id":698,"href":"https:\/\/www.professores.uff.br\/juliocesarmedeiros\/wp-json\/wp\/v2\/posts\/695\/revisions\/698"}],"wp:featuredmedia":[{"embeddable":true,"href":"https:\/\/www.professores.uff.br\/juliocesarmedeiros\/wp-json\/wp\/v2\/media\/697"}],"wp:attachment":[{"href":"https:\/\/www.professores.uff.br\/juliocesarmedeiros\/wp-json\/wp\/v2\/media?parent=695"}],"wp:term":[{"taxonomy":"category","embeddable":true,"href":"https:\/\/www.professores.uff.br\/juliocesarmedeiros\/wp-json\/wp\/v2\/categories?post=695"},{"taxonomy":"post_tag","embeddable":true,"href":"https:\/\/www.professores.uff.br\/juliocesarmedeiros\/wp-json\/wp\/v2\/tags?post=695"}],"curies":[{"name":"wp","href":"https:\/\/api.w.org\/{rel}","templated":true}]}}