{"id":822,"date":"2023-05-20T10:28:47","date_gmt":"2023-05-20T13:28:47","guid":{"rendered":"http:\/\/www.professores.uff.br\/juliocesarmedeiros\/?p=822"},"modified":"2023-05-20T10:28:47","modified_gmt":"2023-05-20T13:28:47","slug":"os-desafios-das-alteracoes-climaticas-para-o-mundo","status":"publish","type":"post","link":"https:\/\/www.professores.uff.br\/juliocesarmedeiros\/2023\/05\/20\/os-desafios-das-alteracoes-climaticas-para-o-mundo\/","title":{"rendered":"Os desafios das altera\u00e7\u00f5es clim\u00e1ticas para o mundo"},"content":{"rendered":"\n<p class=\"has-medium-font-size\"> A mudan\u00e7a clim\u00e1tica \u00e9 um dos desafios mais prementes que a humanidade enfrenta. O aumento das concentra\u00e7\u00f5es de gases de efeito estufa na atmosfera devido \u00e0s atividades humanas est\u00e1 causando um aquecimento global sem precedentes, com consequ\u00eancias potencialmente catastr\u00f3ficas para o meio ambiente e a vida humana. Do aumento do n\u00edvel do mar \u00e0 intensifica\u00e7\u00e3o de eventos clim\u00e1ticos extremos, as mudan\u00e7as clim\u00e1ticas est\u00e3o transformando nosso mundo, exigindo solu\u00e7\u00f5es urgentes e abrangentes para proteger nosso planeta e garantir um futuro sustent\u00e1vel para as pr\u00f3ximas gera\u00e7\u00f5es. Neste contexto, \u00e9 imperativo que compreendamos as causas e os impactos das altera\u00e7\u00f5es clim\u00e1ticas e as a\u00e7\u00f5es que podemos tomar para mitig\u00e1-las e adapt\u00e1-las. <\/p>\n\n\n\n<p class=\"has-medium-font-size\">As altera\u00e7\u00f5es clim\u00e1ticas s\u00e3o um dos maiores desafios enfrentados pelo nosso planeta atualmente. O aumento da temperatura global, a acidifica\u00e7\u00e3o dos oceanos, o aumento do n\u00edvel do mar e o aumento da frequ\u00eancia e intensidade de eventos clim\u00e1ticos extremos s\u00e3o apenas alguns dos problemas causados pelas altera\u00e7\u00f5es clim\u00e1ticas.<\/p>\n\n\n\n<p class=\"has-medium-font-size\">Um dos problemas mais imediatos \u00e9 o aumento da temperatura global. Desde o in\u00edcio da Revolu\u00e7\u00e3o Industrial, a temperatura m\u00e9dia global subiu cerca de 1 grau Celsius, e espera-se que aumente ainda mais nas pr\u00f3ximas d\u00e9cadas. Isso pode ter consequ\u00eancias devastadoras para os ecossistemas terrestres e aqu\u00e1ticos, incluindo a perda de habitat, a diminui\u00e7\u00e3o da biodiversidade e o colapso de cadeias alimentares.<\/p>\n\n\n\n<p class=\"has-medium-font-size\">A acidifica\u00e7\u00e3o dos oceanos \u00e9 outro problema grave causado pelas altera\u00e7\u00f5es clim\u00e1ticas. \u00c0 medida que o di\u00f3xido de carbono \u00e9 absorvido pelos oceanos, a acidez aumenta, o que pode ter efeitos devastadores na vida marinha. A acidifica\u00e7\u00e3o dos oceanos pode afetar a capacidade dos organismos marinhos de produzir conchas e esqueletos, e pode prejudicar a capacidade dos peixes e crust\u00e1ceos de se reproduzirem e crescerem.<\/p>\n\n\n\n<p class=\"has-medium-font-size\">O aumento do n\u00edvel do mar tamb\u00e9m \u00e9 um problema causado pelas altera\u00e7\u00f5es clim\u00e1ticas. \u00c0 medida que as temperaturas globais sobem, o gelo polar derrete e a \u00e1gua do oceano se expande. Isso pode levar a inunda\u00e7\u00f5es costeiras, eros\u00e3o e a perda de habitat para animais terrestres e aqu\u00e1ticos.<\/p>\n\n\n\n<p class=\"has-medium-font-size\">Al\u00e9m disso, as altera\u00e7\u00f5es clim\u00e1ticas tamb\u00e9m podem aumentar a frequ\u00eancia e a intensidade de eventos clim\u00e1ticos extremos, como furac\u00f5es, tempestades de neve, secas e ondas de calor. Isso pode ter efeitos devastadores nas comunidades locais, incluindo danos \u00e0 infraestrutura, interrup\u00e7\u00e3o de servi\u00e7os essenciais e perda de vidas.<\/p>\n\n\n\n<p class=\"has-medium-font-size\">Em resumo, as altera\u00e7\u00f5es clim\u00e1ticas s\u00e3o um problema grave que pode ter efeitos profundos na vida na Terra. Para enfrentar esse desafio, precisamos tomar medidas para reduzir as emiss\u00f5es de gases de efeito estufa e adotar pr\u00e1ticas sustent\u00e1veis que protejam nosso planeta e garantam um futuro habit\u00e1vel para as gera\u00e7\u00f5es futuras.<\/p>\n\n\n\n<h2 class=\"wp-block-heading\">Como a hist\u00f3ria ajuda a pensar e enfrentar os desafios das Alte\u00e7\u00f5es clim\u00e1ticas?<\/h2>\n\n\n\n<p class=\"has-medium-font-size\">A hist\u00f3ria tem lidado com quest\u00f5es relacionadas \u00e0s altera\u00e7\u00f5es clim\u00e1ticas ao longo do tempo. Aqui est\u00e3o alguns exemplos:<\/p>\n\n\n\n<p class=\"has-medium-font-size\">Civiliza\u00e7\u00f5es antigas: H\u00e1 evid\u00eancias de que algumas civiliza\u00e7\u00f5es antigas, como a civiliza\u00e7\u00e3o maia e a civiliza\u00e7\u00e3o khmer, foram afetadas pelas mudan\u00e7as clim\u00e1ticas. Por exemplo, acredita-se que a seca prolongada tenha contribu\u00eddo para o decl\u00ednio da civiliza\u00e7\u00e3o maia.<\/p>\n\n\n\n<p class=\"has-medium-font-size\">Revolu\u00e7\u00e3o Industrial: A Revolu\u00e7\u00e3o Industrial, que come\u00e7ou no s\u00e9culo XVIII, foi o in\u00edcio da emiss\u00e3o em larga escala de gases de efeito estufa, como di\u00f3xido de carbono e metano, que levaram ao aquecimento global. O aumento da queima de combust\u00edveis f\u00f3sseis e da industrializa\u00e7\u00e3o levou a um aumento significativo das emiss\u00f5es de gases de efeito estufa, e \u00e9 considerado um marco importante na hist\u00f3ria das altera\u00e7\u00f5es clim\u00e1ticas.<\/p>\n\n\n\n<p class=\"has-medium-font-size\">S\u00e9culo XX: O s\u00e9culo XX foi um per\u00edodo de r\u00e1pido crescimento econ\u00f4mico e aumento da popula\u00e7\u00e3o, o que levou a um aumento ainda maior das emiss\u00f5es de gases de efeito estufa. Al\u00e9m disso, durante este s\u00e9culo, houve v\u00e1rios eventos clim\u00e1ticos extremos, incluindo ondas de calor, secas e tempestades, que foram atribu\u00eddas \u00e0s altera\u00e7\u00f5es clim\u00e1ticas.<\/p>\n\n\n\n<p class=\"has-medium-font-size\">Acordos clim\u00e1ticos globais: Desde a d\u00e9cada de 1990, v\u00e1rios acordos clim\u00e1ticos globais foram estabelecidos para lidar com as altera\u00e7\u00f5es clim\u00e1ticas, incluindo o Protocolo de Kyoto em 1997 e o Acordo de Paris em 2015. Esses acordos visam limitar as emiss\u00f5es de gases de efeito estufa e conter o aquecimento global para n\u00edveis seguros.<\/p>\n\n\n\n<p class=\"has-medium-font-size\">Em resumo, a hist\u00f3ria tem mostrado que as altera\u00e7\u00f5es clim\u00e1ticas s\u00e3o um fen\u00f4meno antigo, mas a nossa compreens\u00e3o sobre suas causas e impactos se desenvolveu ao longo do tempo. O desafio agora \u00e9 agir com urg\u00eancia e determina\u00e7\u00e3o para mitigar e adaptar-nos \u00e0s altera\u00e7\u00f5es clim\u00e1ticas, a fim de proteger nosso planeta e garantir um futuro sustent\u00e1vel para as gera\u00e7\u00f5es futuras.<\/p>\n\n\n\n<p class=\"has-medium-font-size\">Exemplos na hist\u00f3ria de quando o homem pensou que as cat\u00e1strofes naturais e pandemias eram o prenuncio do fim do mundo<\/p>\n\n\n\n<p class=\"has-medium-font-size\">Um exemplo hist\u00f3rico de pessoas que acreditaram que as cat\u00e1strofes naturais eram o fim do mundo pode ser encontrado no per\u00edodo medieval europeu, especificamente durante a peste negra que assolou o continente no s\u00e9culo XIV. A peste negra foi uma pandemia que matou milh\u00f5es de pessoas em toda a Europa e foi considerada uma das piores cat\u00e1strofes da hist\u00f3ria da humanidade. Na \u00e9poca, muitas pessoas acreditavam que a peste negra era um sinal do fim do mundo e que o Apocalipse estava pr\u00f3ximo.<\/p>\n\n\n\n<p class=\"has-medium-font-size\">Essa cren\u00e7a era influenciada por v\u00e1rios fatores, incluindo interpreta\u00e7\u00f5es religiosas, como as profecias do livro do Apocalipse, que descrevem os sinais do fim dos tempos, al\u00e9m de teorias astrologicas e a vis\u00e3o medieval do mundo como um lugar inst\u00e1vel e incerto, onde desastres naturais eram frequentes.<\/p>\n\n\n\n<p class=\"has-medium-font-size\">Essa vis\u00e3o apocal\u00edptica da peste negra levou muitas pessoas a se entregarem ao desespero e ao fatalismo, e tamb\u00e9m \u00e0 intensifica\u00e7\u00e3o do fanatismo religioso e a\u00e7\u00f5es extremas, como flagela\u00e7\u00e3o e persegui\u00e7\u00e3o de minorias religiosas, como os judeus.<\/p>\n\n\n\n<p class=\"has-medium-font-size\">Embora a cren\u00e7a de que a peste negra era um sinal do fim do mundo tenha sido amplamente difundida na \u00e9poca, hoje sabemos que a pandemia foi causada por uma bact\u00e9ria, a Yersinia pestis, e foi propagada por pulgas em ratos. A resposta efetiva dos governos e da sociedade para conter a pandemia foi fundamental para a supera\u00e7\u00e3o da crise e para a recupera\u00e7\u00e3o da sociedade europeia.<\/p>\n\n\n\n<h2 class=\"wp-block-heading\">Conclus\u00e3o<\/h2>\n\n\n\n<p class=\"has-medium-font-size\"> Em conclus\u00e3o, as altera\u00e7\u00f5es clim\u00e1ticas representam um dos maiores  desafios enfrentados pela humanidade hoje. Os efeitos negativos dessas  mudan\u00e7as s\u00e3o sentidos em todo o mundo, desde a eleva\u00e7\u00e3o do n\u00edvel do mar e  o aumento da temperatura at\u00e9 eventos clim\u00e1ticos extremos e a perda de  biodiversidade. A supera\u00e7\u00e3o desses desafios requer uma resposta global e  coletiva, que inclua a\u00e7\u00f5es para reduzir as emiss\u00f5es de gases de efeito  estufa, o investimento em fontes de energia limpa, a adapta\u00e7\u00e3o \u00e0s  mudan\u00e7as clim\u00e1ticas e a conscientiza\u00e7\u00e3o da popula\u00e7\u00e3o sobre a import\u00e2ncia  da preserva\u00e7\u00e3o do meio ambiente. \u00c9 necess\u00e1rio que governos,  organiza\u00e7\u00f5es e indiv\u00edduos trabalhem juntos para enfrentar esse desafio e  garantir um futuro sustent\u00e1vel para as pr\u00f3ximas gera\u00e7\u00f5es. <\/p>\n","protected":false},"excerpt":{"rendered":"<p>A mudan\u00e7a clim\u00e1tica \u00e9 um dos desafios mais prementes que a humanidade enfrenta. O aumento das concentra\u00e7\u00f5es de gases de efeito estufa na atmosfera devido \u00e0s atividades humanas est\u00e1 causando um aquecimento global sem precedentes, com consequ\u00eancias potencialmente catastr\u00f3ficas para o meio ambiente e a vida humana. Do aumento do n\u00edvel do mar \u00e0 intensifica\u00e7\u00e3o [&hellip;]<\/p>\n","protected":false},"author":209,"featured_media":843,"comment_status":"closed","ping_status":"closed","sticky":true,"template":"","format":"standard","meta":{"_exactmetrics_skip_tracking":false,"_exactmetrics_sitenote_active":false,"_exactmetrics_sitenote_note":"","_exactmetrics_sitenote_category":0,"footnotes":""},"categories":[27,353,374,1],"tags":[377,376,379,378,375],"class_list":["post-822","post","type-post","status-publish","format-standard","has-post-thumbnail","hentry","category-projeto-de-extensao","category-projetos-de-pesquisa","category-projetotrama","category-sem-categoria","tag-aquecimento-global","tag-desafios-climaticos","tag-escatologia","tag-fim-do-mundo","tag-os-desafios-das-alteracoes-climaticas-para-o-mundo"],"_links":{"self":[{"href":"https:\/\/www.professores.uff.br\/juliocesarmedeiros\/wp-json\/wp\/v2\/posts\/822","targetHints":{"allow":["GET"]}}],"collection":[{"href":"https:\/\/www.professores.uff.br\/juliocesarmedeiros\/wp-json\/wp\/v2\/posts"}],"about":[{"href":"https:\/\/www.professores.uff.br\/juliocesarmedeiros\/wp-json\/wp\/v2\/types\/post"}],"author":[{"embeddable":true,"href":"https:\/\/www.professores.uff.br\/juliocesarmedeiros\/wp-json\/wp\/v2\/users\/209"}],"replies":[{"embeddable":true,"href":"https:\/\/www.professores.uff.br\/juliocesarmedeiros\/wp-json\/wp\/v2\/comments?post=822"}],"version-history":[{"count":2,"href":"https:\/\/www.professores.uff.br\/juliocesarmedeiros\/wp-json\/wp\/v2\/posts\/822\/revisions"}],"predecessor-version":[{"id":838,"href":"https:\/\/www.professores.uff.br\/juliocesarmedeiros\/wp-json\/wp\/v2\/posts\/822\/revisions\/838"}],"wp:featuredmedia":[{"embeddable":true,"href":"https:\/\/www.professores.uff.br\/juliocesarmedeiros\/wp-json\/wp\/v2\/media\/843"}],"wp:attachment":[{"href":"https:\/\/www.professores.uff.br\/juliocesarmedeiros\/wp-json\/wp\/v2\/media?parent=822"}],"wp:term":[{"taxonomy":"category","embeddable":true,"href":"https:\/\/www.professores.uff.br\/juliocesarmedeiros\/wp-json\/wp\/v2\/categories?post=822"},{"taxonomy":"post_tag","embeddable":true,"href":"https:\/\/www.professores.uff.br\/juliocesarmedeiros\/wp-json\/wp\/v2\/tags?post=822"}],"curies":[{"name":"wp","href":"https:\/\/api.w.org\/{rel}","templated":true}]}}