{"id":906,"date":"2025-12-21T14:19:33","date_gmt":"2025-12-21T17:19:33","guid":{"rendered":"https:\/\/www.professores.uff.br\/juliocesarmedeiros\/?p=906"},"modified":"2025-12-21T14:23:08","modified_gmt":"2025-12-21T17:23:08","slug":"9o-congresso-pan-africano-em-lome-togo","status":"publish","type":"post","link":"https:\/\/www.professores.uff.br\/juliocesarmedeiros\/2025\/12\/21\/9o-congresso-pan-africano-em-lome-togo\/","title":{"rendered":"9\u00ba Congresso Pan Africano em Lom\u00e9-Togo"},"content":{"rendered":"\n<p><\/p>\n\n\n\n<hr class=\"wp-block-separator has-alpha-channel-opacity\" \/>\n\n\n\n<h2 class=\"wp-block-heading\">Relat\u00f3rio da Miss\u00e3o Acad\u00eamica<\/h2>\n\n\n\n<h3 class=\"wp-block-heading\">9\u00ba Congresso Pan-Africano \u2013 Lom\u00e9, Togo (dezembro de 2025)<\/h3>\n\n\n\n<p>Entre os dias <strong>8 e 12 de dezembro de 2025<\/strong>, participei do <strong>9\u00ba Congresso Pan-Africano<\/strong>, realizado em <strong>Lom\u00e9<\/strong>, capital da <strong>Rep\u00fablica do Togo<\/strong>. O evento foi organizado sob a \u00e9gide da <strong>Uni\u00e3o Africana<\/strong>, em parceria com o <strong>Governo togol\u00eas<\/strong>, e reuniu representantes de Estados africanos, organismos multilaterais, pesquisadores, intelectuais, movimentos sociais e lideran\u00e7as das di\u00e1sporas africanas das Am\u00e9ricas, Caribe, Europa e \u00c1sia.<\/p>\n\n\n\n<p>Minha participa\u00e7\u00e3o ocorreu <strong>como integrante da delega\u00e7\u00e3o brasileira oficialmente convidada<\/strong>, cuja composi\u00e7\u00e3o e articula\u00e7\u00e3o institucional estiveram sob a coordena\u00e7\u00e3o do <strong>Prof. Dr. Babalawo<\/strong> Ivanir dos Santos, respons\u00e1vel pela interlocu\u00e7\u00e3o com o comit\u00ea organizador do Congresso e com as autoridades togolesas. As despesas de deslocamento e estadia dos participantes convidados foram custeadas pelo <strong>Governo da Rep\u00fablica do Togo<\/strong>, no \u00e2mbito da pol\u00edtica de fortalecimento do di\u00e1logo pan-africano e das rela\u00e7\u00f5es com a di\u00e1spora.<\/p>\n\n\n\n<h3 class=\"wp-block-heading\">O Congresso e seus eixos centrais<\/h3>\n\n\n\n<p>O 9\u00ba Congresso Pan-Africano teve como tema <strong>\u201cA renova\u00e7\u00e3o do pan-africanismo e o papel da \u00c1frica na reforma das institui\u00e7\u00f5es multilaterais: mobilizar recursos e reinventar-se para agir\u201d<\/strong>, sinalizando um esfor\u00e7o coletivo de reposicionamento do pan-africanismo como projeto pol\u00edtico contempor\u00e2neo, articulado \u00e0s transforma\u00e7\u00f5es do sistema internacional no s\u00e9culo XXI.<\/p>\n\n\n\n<p>A programa\u00e7\u00e3o foi estruturada em sess\u00f5es plen\u00e1rias, pain\u00e9is tem\u00e1ticos, encontros com a juventude pan-africana e <strong>oito comiss\u00f5es de trabalho<\/strong>, que abordaram, entre outros temas:<\/p>\n\n\n\n<ul class=\"wp-block-list\">\n<li>a reforma das institui\u00e7\u00f5es multilaterais e a representa\u00e7\u00e3o africana no sistema internacional;<\/li>\n\n\n\n<li>a justi\u00e7a reparat\u00f3ria, a restitui\u00e7\u00e3o de bens culturais e as pol\u00edticas de mem\u00f3ria;<\/li>\n\n\n\n<li>o combate ao racismo estrutural e \u00e0s suas formas contempor\u00e2neas;<\/li>\n\n\n\n<li>a sa\u00fade, a seguran\u00e7a alimentar e o desenvolvimento autocentrado;<\/li>\n\n\n\n<li>a descoloniza\u00e7\u00e3o do conhecimento e a soberania epistemol\u00f3gica;<\/li>\n\n\n\n<li>o papel das mulheres, das juventudes e das di\u00e1sporas afrodescendentes;<\/li>\n\n\n\n<li>cultura, identidade e educa\u00e7\u00e3o pan-africana.<\/li>\n<\/ul>\n\n\n\n<p>Al\u00e9m dos debates acad\u00eamicos e pol\u00edticos, o Congresso incluiu atividades culturais e sess\u00f5es dedicadas \u00e0 mem\u00f3ria da escravid\u00e3o, da coloniza\u00e7\u00e3o e das lutas de liberta\u00e7\u00e3o africanas, refor\u00e7ando a centralidade da hist\u00f3ria e da mem\u00f3ria na constru\u00e7\u00e3o de projetos pol\u00edticos contempor\u00e2neos.<\/p>\n\n\n\n<h3 class=\"wp-block-heading\">A Declara\u00e7\u00e3o Final do 9\u00ba Congresso Pan-Africano<\/h3>\n\n\n\n<p>Um dos principais resultados do evento foi a <strong>Declara\u00e7\u00e3o Final do 9\u00ba Congresso Pan-Africano de Lom\u00e9<\/strong>, documento pol\u00edtico que sistematiza consensos e recomenda\u00e7\u00f5es estrat\u00e9gicas aprovadas ao t\u00e9rmino dos trabalhos.<\/p>\n\n\n\n<p>A Declara\u00e7\u00e3o reafirma o <strong>pan-africanismo como projeto de unidade, soberania e emancipa\u00e7\u00e3o<\/strong>, destacando:<\/p>\n\n\n\n<ul class=\"wp-block-list\">\n<li>a centralidade da <strong>justi\u00e7a reparat\u00f3ria<\/strong> frente aos crimes hist\u00f3ricos da escravid\u00e3o, do tr\u00e1fico transatl\u00e2ntico, da coloniza\u00e7\u00e3o e do apartheid;<\/li>\n\n\n\n<li>a necessidade de uma <strong>reforma profunda do sistema multilateral<\/strong>, com destaque para a amplia\u00e7\u00e3o da representa\u00e7\u00e3o africana nos espa\u00e7os decis\u00f3rios globais;<\/li>\n\n\n\n<li>a urg\u00eancia da <strong>descoloniza\u00e7\u00e3o do saber<\/strong>, com valoriza\u00e7\u00e3o de epistemologias africanas e diasp\u00f3ricas;<\/li>\n\n\n\n<li>o papel estrat\u00e9gico das <strong>di\u00e1sporas africanas<\/strong> nos processos de desenvolvimento, mem\u00f3ria e repara\u00e7\u00e3o;<\/li>\n\n\n\n<li>a articula\u00e7\u00e3o entre cultura, educa\u00e7\u00e3o, mem\u00f3ria hist\u00f3rica e pol\u00edticas p\u00fablicas.<\/li>\n<\/ul>\n\n\n\n<p>O documento prop\u00f5e ainda a cria\u00e7\u00e3o de mecanismos permanentes de acompanhamento das decis\u00f5es do Congresso, refor\u00e7ando o car\u00e1ter program\u00e1tico e institucional da iniciativa.<\/p>\n\n\n\n<h3 class=\"wp-block-heading\">Di\u00e1logos com a pesquisa acad\u00eamica e a UFF<\/h3>\n\n\n\n<p>A participa\u00e7\u00e3o no 9\u00ba Congresso Pan-Africano dialoga diretamente com minhas pesquisas no campo da <strong>Hist\u00f3ria da \u00c1frica<\/strong>, da <strong>Hist\u00f3ria da Ci\u00eancia e da Sa\u00fade<\/strong>, das <strong>rela\u00e7\u00f5es \u00e9tnico-raciais<\/strong>, da <strong>mem\u00f3ria da escravid\u00e3o<\/strong> e das <strong>pol\u00edticas de repara\u00e7\u00e3o<\/strong>. Os debates sobre sa\u00fade, seguran\u00e7a alimentar e heran\u00e7as coloniais refor\u00e7am a import\u00e2ncia de abordagens interdisciplinares que articulem hist\u00f3ria, sa\u00fade p\u00fablica, direitos humanos e rela\u00e7\u00f5es internacionais.<\/p>\n\n\n\n<p>O Congresso evidenciou, ainda, a necessidade de ampliar a inser\u00e7\u00e3o do <strong>Brasil<\/strong>, pa\u00eds com a maior popula\u00e7\u00e3o afrodescendente fora do continente africano, nas agendas pan-africanas contempor\u00e2neas, tanto no campo acad\u00eamico quanto no \u00e2mbito das pol\u00edticas p\u00fablicas e da coopera\u00e7\u00e3o internacional.<\/p>\n\n\n\n<h3 class=\"wp-block-heading\">Considera\u00e7\u00f5es finais e desdobramentos<\/h3>\n\n\n\n<p>O 9\u00ba Congresso Pan-Africano consolidou-se como um espa\u00e7o estrat\u00e9gico de articula\u00e7\u00e3o pol\u00edtica, intelectual e institucional, reafirmando o pan-africanismo como projeto ativo de reflex\u00e3o e a\u00e7\u00e3o no mundo contempor\u00e2neo. A miss\u00e3o acad\u00eamica realizada em Lom\u00e9 contribui para o fortalecimento das redes internacionais de pesquisa, para a internacionaliza\u00e7\u00e3o da universidade p\u00fablica brasileira e para o aprofundamento dos debates sobre \u00c1frica, di\u00e1spora, mem\u00f3ria, sa\u00fade e justi\u00e7a social.<\/p>\n\n\n\n<p>Como desdobramentos desta participa\u00e7\u00e3o, destacam-se a produ\u00e7\u00e3o de relat\u00f3rios t\u00e9cnicos, artigos acad\u00eamicos, atividades de ensino e extens\u00e3o, bem como a amplia\u00e7\u00e3o do di\u00e1logo entre a Universidade Federal Fluminense e redes internacionais de pesquisa no campo dos estudos africanos e pan-africanos.<\/p>\n\n\n\n<p>\ud83d\udcc4 <strong>O relat\u00f3rio acad\u00eamico completo est\u00e1 dispon\u00edvel em formato PDF:<\/strong><br><a href=\"https:\/\/www.researchgate.net\/publication\/398928215_Participacao_no_9_Congresso_Pan-Africano_-Lome_Togo_08_a_12_de_dezembro_de_2025\">https:\/\/www.researchgate.net\/publication\/398928215_Participacao_no_9_Congresso_Pan-Africano_-Lome_Togo_08_a_12_de_dezembro_de_2025<\/a><\/p>\n\n\n\n<figure class=\"wp-block-gallery has-nested-images columns-default is-cropped wp-block-gallery-1 is-layout-flex wp-block-gallery-is-layout-flex\">\n<figure class=\"wp-block-image size-large\"><img loading=\"lazy\" decoding=\"async\" width=\"1024\" height=\"768\" data-id=\"908\" src=\"https:\/\/www.professores.uff.br\/juliocesarmedeiros\/wp-content\/uploads\/sites\/191\/2025\/12\/WhatsApp-Image-2025-12-14-at-03.10.37-1024x768.jpeg\" alt=\"\" class=\"wp-image-908\" srcset=\"https:\/\/www.professores.uff.br\/juliocesarmedeiros\/wp-content\/uploads\/sites\/191\/2025\/12\/WhatsApp-Image-2025-12-14-at-03.10.37-1024x768.jpeg 1024w, https:\/\/www.professores.uff.br\/juliocesarmedeiros\/wp-content\/uploads\/sites\/191\/2025\/12\/WhatsApp-Image-2025-12-14-at-03.10.37-300x225.jpeg 300w, https:\/\/www.professores.uff.br\/juliocesarmedeiros\/wp-content\/uploads\/sites\/191\/2025\/12\/WhatsApp-Image-2025-12-14-at-03.10.37-768x576.jpeg 768w, https:\/\/www.professores.uff.br\/juliocesarmedeiros\/wp-content\/uploads\/sites\/191\/2025\/12\/WhatsApp-Image-2025-12-14-at-03.10.37-160x120.jpeg 160w, https:\/\/www.professores.uff.br\/juliocesarmedeiros\/wp-content\/uploads\/sites\/191\/2025\/12\/WhatsApp-Image-2025-12-14-at-03.10.37.jpeg 1280w\" sizes=\"auto, (max-width: 1024px) 100vw, 1024px\" \/><\/figure>\n<\/figure>\n\n\n\n<p>Delega\u00e7\u00e3o brasileira, no retorno ao Brasil<\/p>\n\n\n<ul class=\"wp-block-latest-posts__list wp-block-latest-posts\"><li><a class=\"wp-block-latest-posts__post-title\" href=\"https:\/\/www.professores.uff.br\/juliocesarmedeiros\/2025\/12\/21\/9o-congresso-pan-africano-em-lome-togo\/\">9\u00ba Congresso Pan Africano em Lom\u00e9-Togo<\/a><\/li>\n<li><a class=\"wp-block-latest-posts__post-title\" href=\"https:\/\/www.professores.uff.br\/juliocesarmedeiros\/2025\/10\/07\/a-flor-da-terra-o-cemiterio-dos-pretos-novos-no-rio-de-janeiro-um-livro-sobre-o-silencio-a-memoria-e-a-humanidade-negada\/\">\u00c0 Flor da Terra: o Cemit\u00e9rio dos Pretos Novos no Rio de Janeiro.  Um livro sobre o sil\u00eancio, a mem\u00f3ria e a humanidade negada<\/a><\/li>\n<li><a class=\"wp-block-latest-posts__post-title\" href=\"https:\/\/www.professores.uff.br\/juliocesarmedeiros\/2025\/04\/29\/o-cemiterio-dos-pretos-novos-historia-esquecimento-e-redescoberta-na-zona-portuaria-do-rio-de-janeiro\/\">O Cemit\u00e9rio dos Pretos Novos: Hist\u00f3ria, Esquecimento e Redescoberta na Zona Portu\u00e1ria do Rio de Janeiro<\/a><\/li>\n<li><a class=\"wp-block-latest-posts__post-title\" href=\"https:\/\/www.professores.uff.br\/juliocesarmedeiros\/2025\/03\/01\/da-academia-para-a-avenida-pesquisa-de-professor-da-uff-vira-enredo-da-mangueira\/\">Da academia para a avenida: pesquisa de professor da UFF vira enredo da Mangueira<\/a><\/li>\n<li><a class=\"wp-block-latest-posts__post-title\" href=\"https:\/\/www.professores.uff.br\/juliocesarmedeiros\/2025\/02\/22\/a-flor-da-terra-enredo-da-mangueira-2025-inspira-se-na-pesquisa-de-professor-da-uff-do-campus-de-santo-anto%cc%82nio-de-padua-2\/\">A\u0300 Flor da Terra: Enredo da Mangueira 2025 inspira-se na pesquisa de Professor da UFF do Campus de Santo Anto\u0302nio de Pa\u0301dua<\/a><\/li>\n<\/ul>\n\n\n<div class=\"wp-block-query is-layout-flow wp-block-query-is-layout-flow\"><ul class=\"wp-block-post-template is-layout-flow wp-block-post-template-is-layout-flow\"><li class=\"wp-block-post post-899 post type-post status-publish format-standard has-post-thumbnail hentry category-a-flor-da-terra category-africa-antiga category-enem category-escravidao category-escravidao-historia category-historia category-historia-contemporanea category-negritude category-negritude-historia category-pequena-africa category-pretos-novos tag-cemiterio-dos-pretos-novos tag-historia-da-escravidao-infantil tag-historia-da-escravidao-no-brasil tag-historia-do-rio-de-janeiro tag-historia-e-memoria tag-historia-publica tag-instituto-pretos-novos tag-julio-cesar-medeiros-da-silva-pereira tag-memoria-da-escravidao tag-patrimonio-mundial-unesco tag-pequena-africa-2 tag-pesquisa-historica-rio-de-janeiro tag-pretos-novos tag-sitio-arqueologico-do-valongo tag-trafico-negreiro tag-valongo tag-zona-portuaria-do-rio-de-janeiro\">\n<h2 class=\"wp-block-post-title\"><a href=\"https:\/\/www.professores.uff.br\/juliocesarmedeiros\/2025\/04\/29\/o-cemiterio-dos-pretos-novos-historia-esquecimento-e-redescoberta-na-zona-portuaria-do-rio-de-janeiro\/\" target=\"_self\" >O Cemit\u00e9rio dos Pretos Novos: Hist\u00f3ria, Esquecimento e Redescoberta na Zona Portu\u00e1ria do Rio de Janeiro<\/a><\/h2>\n\n<figure class=\"alignwide wp-block-post-featured-image\"><a href=\"https:\/\/www.professores.uff.br\/juliocesarmedeiros\/2025\/04\/29\/o-cemiterio-dos-pretos-novos-historia-esquecimento-e-redescoberta-na-zona-portuaria-do-rio-de-janeiro\/\" target=\"_self\"  ><img loading=\"lazy\" decoding=\"async\" width=\"640\" height=\"480\" src=\"https:\/\/www.professores.uff.br\/juliocesarmedeiros\/wp-content\/uploads\/sites\/191\/2025\/04\/Marcas.jpg\" class=\"attachment-post-thumbnail size-post-thumbnail wp-post-image\" alt=\"O Cemit\u00e9rio dos Pretos Novos: Hist\u00f3ria, Esquecimento e Redescoberta na Zona Portu\u00e1ria do Rio de Janeiro\" style=\"object-fit:cover;\" srcset=\"https:\/\/www.professores.uff.br\/juliocesarmedeiros\/wp-content\/uploads\/sites\/191\/2025\/04\/Marcas.jpg 640w, https:\/\/www.professores.uff.br\/juliocesarmedeiros\/wp-content\/uploads\/sites\/191\/2025\/04\/Marcas-300x225.jpg 300w, https:\/\/www.professores.uff.br\/juliocesarmedeiros\/wp-content\/uploads\/sites\/191\/2025\/04\/Marcas-160x120.jpg 160w\" sizes=\"auto, (max-width: 640px) 100vw, 640px\" \/><\/a><\/figure>\n\n<div class=\"wp-block-post-excerpt\"><p class=\"wp-block-post-excerpt__excerpt\">Introdu\u00e7\u00e3o O Cemit\u00e9rio dos Pretos Novos, localizado na atual Rua Pedro Ernesto, na Zona Portu\u00e1ria do Rio de Janeiro, representa um dos cap\u00edtulos mais dolorosos \u2014 e, por muito tempo, esquecidos \u2014 da hist\u00f3ria brasileira. Entre 1769 e 1830, o local serviu como destino final de milhares de africanos escravizados que morriam logo ap\u00f3s o&hellip; <\/p><\/div>\n\n\n<hr class=\"wp-block-separator has-css-opacity\" \/>\n\n\n<div class=\"wp-block-post-date\"><time datetime=\"2025-04-29T00:56:02-03:00\">29 de abril de 2025<\/time><\/div>\n<\/li><li class=\"wp-block-post post-892 post type-post status-publish format-standard has-post-thumbnail hentry category-a-flor-da-terra category-divulgacao-cientifica category-escravidao category-historia tag-a-flor-da-terra tag-da-academia-para-a-avenida-pesquisa-de-professor-da-uff-vira-enredo-da-mangueira tag-escola-de-samba-mangueira tag-estacao-primeira-de-mangueia tag-mangueira tag-samba-enredo-2025\">\n<h2 class=\"wp-block-post-title\"><a href=\"https:\/\/www.professores.uff.br\/juliocesarmedeiros\/2025\/03\/01\/da-academia-para-a-avenida-pesquisa-de-professor-da-uff-vira-enredo-da-mangueira\/\" target=\"_self\" >Da academia para a avenida: pesquisa de professor da UFF vira enredo da Mangueira<\/a><\/h2>\n\n<figure class=\"alignwide wp-block-post-featured-image\"><a href=\"https:\/\/www.professores.uff.br\/juliocesarmedeiros\/2025\/03\/01\/da-academia-para-a-avenida-pesquisa-de-professor-da-uff-vira-enredo-da-mangueira\/\" target=\"_self\"  ><img loading=\"lazy\" decoding=\"async\" width=\"300\" height=\"168\" src=\"https:\/\/www.professores.uff.br\/juliocesarmedeiros\/wp-content\/uploads\/sites\/191\/2025\/03\/flor-da-terra.jpeg\" class=\"attachment-post-thumbnail size-post-thumbnail wp-post-image\" alt=\"Da academia para a avenida: pesquisa de professor da UFF vira enredo da Mangueira\" style=\"object-fit:cover;\" \/><\/a><\/figure>\n\n<div class=\"wp-block-post-excerpt\"><p class=\"wp-block-post-excerpt__excerpt\">Materia de: https:\/\/www.uff.br\/28-02-2025\/da-academia-para-a-avenida-pesquisa-de-professor-da-uff-vira-enredo-da-mangueira\/ &#8220;No Carnaval de 2025, a Esta\u00e7\u00e3o Primeira de Mangueira apresenta, na Marqu\u00eas de Sapuca\u00ed, um enredo que mergulha na hist\u00f3ria e na resist\u00eancia do povo negro no Brasil. Com o t\u00edtulo \u201c\u00c0 Flor da Terra \u2013 no Rio da Negritude entre Dores e Paix\u00f5es\u201d, a escola de samba vai contar a narrativa&hellip; <\/p><\/div>\n\n\n<hr class=\"wp-block-separator has-css-opacity\" \/>\n\n\n<div class=\"wp-block-post-date\"><time datetime=\"2025-03-01T11:13:24-03:00\">1 de mar\u00e7o de 2025<\/time><\/div>\n<\/li><li class=\"wp-block-post post-886 post type-post status-publish format-standard has-post-thumbnail hentry category-a-flor-da-terra category-escravidao-historia category-historia category-historia-contemporanea category-negritude-historia category-pequena-africa category-pretos-novos category-racismo-historia category-sem-categoria tag-aflordaterra tag-carnaval2025 tag-culturabanto tag-mangueira2025 tag-mangueiraaflordaterra tag-pretosnovos tag-pretosnovosresiste tag-uffinfes tag-uff\">\n<h2 class=\"wp-block-post-title\"><a href=\"https:\/\/www.professores.uff.br\/juliocesarmedeiros\/2025\/02\/22\/a-flor-da-terra-enredo-da-mangueira-2025-inspira-se-na-pesquisa-de-professor-da-uff-do-campus-de-santo-anto%cc%82nio-de-padua-2\/\" target=\"_self\" >A\u0300 Flor da Terra: Enredo da Mangueira 2025 inspira-se na pesquisa de Professor da UFF do Campus de Santo Anto\u0302nio de Pa\u0301dua<\/a><\/h2>\n\n<figure class=\"alignwide wp-block-post-featured-image\"><a href=\"https:\/\/www.professores.uff.br\/juliocesarmedeiros\/2025\/02\/22\/a-flor-da-terra-enredo-da-mangueira-2025-inspira-se-na-pesquisa-de-professor-da-uff-do-campus-de-santo-anto%cc%82nio-de-padua-2\/\" target=\"_self\"  ><img loading=\"lazy\" decoding=\"async\" width=\"877\" height=\"665\" src=\"https:\/\/www.professores.uff.br\/juliocesarmedeiros\/wp-content\/uploads\/sites\/191\/2025\/02\/eu-mang4.png\" class=\"attachment-post-thumbnail size-post-thumbnail wp-post-image\" alt=\"A\u0300 Flor da Terra: Enredo da Mangueira 2025 inspira-se na pesquisa de Professor da UFF do Campus de Santo Anto\u0302nio de Pa\u0301dua\" style=\"object-fit:cover;\" srcset=\"https:\/\/www.professores.uff.br\/juliocesarmedeiros\/wp-content\/uploads\/sites\/191\/2025\/02\/eu-mang4.png 877w, https:\/\/www.professores.uff.br\/juliocesarmedeiros\/wp-content\/uploads\/sites\/191\/2025\/02\/eu-mang4-300x227.png 300w, https:\/\/www.professores.uff.br\/juliocesarmedeiros\/wp-content\/uploads\/sites\/191\/2025\/02\/eu-mang4-768x582.png 768w, https:\/\/www.professores.uff.br\/juliocesarmedeiros\/wp-content\/uploads\/sites\/191\/2025\/02\/eu-mang4-160x120.png 160w\" sizes=\"auto, (max-width: 877px) 100vw, 877px\" \/><\/a><\/figure>\n\n<div class=\"wp-block-post-excerpt\"><p class=\"wp-block-post-excerpt__excerpt\">Hoje foi ao ar, no canal da @oficialmangueira no YouTube, a entrevista em que compartilho a emo\u00e7\u00e3o de ver meu livro \u00c0 Flor da Terra: O Cemit\u00e9rio dos Pretos Novos ganhar vida no enredo do Carnaval 2025! \ud83c\udfad\u2728 O Cemit\u00e9rio dos Pretos Novos \u00e9 mais do que um registro de dor \u2014 \u00e9 um territ\u00f3rio&hellip; <\/p><\/div>\n\n\n<hr class=\"wp-block-separator has-css-opacity\" \/>\n\n\n<div class=\"wp-block-post-date\"><time datetime=\"2025-02-22T08:51:44-03:00\">22 de fevereiro de 2025<\/time><\/div>\n<\/li><li class=\"wp-block-post post-883 post type-post status-publish format-standard hentry category-a-flor-da-terra\">\n<h2 class=\"wp-block-post-title\"><a href=\"https:\/\/www.professores.uff.br\/juliocesarmedeiros\/2025\/02\/22\/a-flor-da-terra-enredo-da-mangueira-2025-inspira-se-na-pesquisa-de-professor-da-uff-do-campus-de-santo-anto%cc%82nio-de-padua\/\" target=\"_self\" >A\u0300 Flor da Terra: Enredo da Mangueira 2025 inspira-se na pesquisa de Professor da UFF do Campus de Santo Anto\u0302nio de Pa\u0301dua<\/a><\/h2>\n\n\n\n<div class=\"wp-block-post-excerpt\"><p class=\"wp-block-post-excerpt__excerpt\">https:\/\/www.uff.br\/evento\/a-flor-da-terra-enredo-da-mangueira-2025-inspira-se-na-pesquisa-de-professor-da-uff-do-campus-de-santo-antonio-de-padua\/ <\/p><\/div>\n\n\n<hr class=\"wp-block-separator has-css-opacity\" \/>\n\n\n<div class=\"wp-block-post-date\"><time datetime=\"2025-02-22T08:42:04-03:00\">22 de fevereiro de 2025<\/time><\/div>\n<\/li><li class=\"wp-block-post post-878 post type-post status-publish format-standard has-post-thumbnail hentry category-historia tag-memorial-das-maos-negras-jardim-botanico\">\n<h2 class=\"wp-block-post-title\"><a href=\"https:\/\/www.professores.uff.br\/juliocesarmedeiros\/2024\/12\/11\/memorial-das-maos-negras-jardim-botanico\/\" target=\"_self\" >Memorial das M\u00e3os Negras (Jardim Bot\u00e2nico)<\/a><\/h2>\n\n<figure class=\"alignwide wp-block-post-featured-image\"><a href=\"https:\/\/www.professores.uff.br\/juliocesarmedeiros\/2024\/12\/11\/memorial-das-maos-negras-jardim-botanico\/\" target=\"_self\"  ><img loading=\"lazy\" decoding=\"async\" width=\"768\" height=\"434\" src=\"https:\/\/www.professores.uff.br\/juliocesarmedeiros\/wp-content\/uploads\/sites\/191\/2024\/12\/778567e7-60a0-473e-8c0f-55a19312c833.jpeg\" class=\"attachment-post-thumbnail size-post-thumbnail wp-post-image\" alt=\"Memorial das M\u00e3os Negras (Jardim Bot\u00e2nico)\" style=\"object-fit:cover;\" srcset=\"https:\/\/www.professores.uff.br\/juliocesarmedeiros\/wp-content\/uploads\/sites\/191\/2024\/12\/778567e7-60a0-473e-8c0f-55a19312c833.jpeg 768w, https:\/\/www.professores.uff.br\/juliocesarmedeiros\/wp-content\/uploads\/sites\/191\/2024\/12\/778567e7-60a0-473e-8c0f-55a19312c833-300x170.jpeg 300w\" sizes=\"auto, (max-width: 768px) 100vw, 768px\" \/><\/a><\/figure>\n\n<div class=\"wp-block-post-excerpt\"><p class=\"wp-block-post-excerpt__excerpt\">Jardim Bot\u00e2nico do Rio de Janeiro inaugura, nesta sexta-feira (29\/11), o Memorial das M\u00e3os Negras que Edificaram o Jardim Bot\u00e2nico do Rio de Janeiro. A iniciativa tem como objetivo trazer ao conhecimento do p\u00fablico uma parte da hist\u00f3ria at\u00e9 ent\u00e3o silenciada: a contribui\u00e7\u00e3o fundamental de homens e mulheres negros na edifica\u00e7\u00e3o da institui\u00e7\u00e3o. A cerim\u00f4nia&hellip; <\/p><\/div>\n\n\n<hr class=\"wp-block-separator has-css-opacity\" \/>\n\n\n<div class=\"wp-block-post-date\"><time datetime=\"2024-12-11T22:34:49-03:00\">11 de dezembro de 2024<\/time><\/div>\n<\/li><li class=\"wp-block-post post-874 post type-post status-publish format-standard has-post-thumbnail hentry category-carnaval category-escravidao category-escravidao-historia category-historia category-historiografia category-negritude category-negritude-historia category-pequena-africa category-racismo-historia category-valongo tag-a-revolta-dos-males tag-resistencia-cultural-e-o-legado-da-luta-do-povo-preto-o-hati-e-logo-ali tag-sinopse tag-sinopse-filhos-de-ghandi\">\n<h2 class=\"wp-block-post-title\"><a href=\"https:\/\/www.professores.uff.br\/juliocesarmedeiros\/2024\/12\/11\/a-revolta-dos-males-resistencia-cultural-e-o-legado-da-luta-do-povo-preto-o-hati-e-logo-ali\/\" target=\"_self\" >A Revolta dos Mal\u00eas, Resist\u00eancia Cultural e o Legado da luta do povo preto: O Hati \u00e9 logo ali<\/a><\/h2>\n\n<figure class=\"alignwide wp-block-post-featured-image\"><a href=\"https:\/\/www.professores.uff.br\/juliocesarmedeiros\/2024\/12\/11\/a-revolta-dos-males-resistencia-cultural-e-o-legado-da-luta-do-povo-preto-o-hati-e-logo-ali\/\" target=\"_self\"  ><img loading=\"lazy\" decoding=\"async\" width=\"1024\" height=\"683\" src=\"https:\/\/www.professores.uff.br\/juliocesarmedeiros\/wp-content\/uploads\/sites\/191\/2024\/12\/Afoxe-Filhos-de-Gandhi-Rio-carnaval-2024-3-1024x683-1.jpg\" class=\"attachment-post-thumbnail size-post-thumbnail wp-post-image\" alt=\"A Revolta dos Mal\u00eas, Resist\u00eancia Cultural e o Legado da luta do povo preto: O Hati \u00e9 logo ali\" style=\"object-fit:cover;\" srcset=\"https:\/\/www.professores.uff.br\/juliocesarmedeiros\/wp-content\/uploads\/sites\/191\/2024\/12\/Afoxe-Filhos-de-Gandhi-Rio-carnaval-2024-3-1024x683-1.jpg 1024w, https:\/\/www.professores.uff.br\/juliocesarmedeiros\/wp-content\/uploads\/sites\/191\/2024\/12\/Afoxe-Filhos-de-Gandhi-Rio-carnaval-2024-3-1024x683-1-300x200.jpg 300w, https:\/\/www.professores.uff.br\/juliocesarmedeiros\/wp-content\/uploads\/sites\/191\/2024\/12\/Afoxe-Filhos-de-Gandhi-Rio-carnaval-2024-3-1024x683-1-768x512.jpg 768w, https:\/\/www.professores.uff.br\/juliocesarmedeiros\/wp-content\/uploads\/sites\/191\/2024\/12\/Afoxe-Filhos-de-Gandhi-Rio-carnaval-2024-3-1024x683-1-120x80.jpg 120w\" sizes=\"auto, (max-width: 1024px) 100vw, 1024px\" \/><\/a><\/figure>\n\n<div class=\"wp-block-post-excerpt\"><p class=\"wp-block-post-excerpt__excerpt\">Sinopse feita para o Afox\u00e9 Filhos de Gandhi, 2025 <\/p><\/div>\n\n\n<hr class=\"wp-block-separator has-css-opacity\" \/>\n\n\n<div class=\"wp-block-post-date\"><time datetime=\"2024-12-11T22:20:13-03:00\">11 de dezembro de 2024<\/time><\/div>\n<\/li><li class=\"wp-block-post post-870 post type-post status-publish format-standard has-post-thumbnail hentry category-a-flor-da-terra category-pequena-africa category-pretos-novos category-valongo tag-a-flor-da-terra tag-autor-do-livro-a-flor-da-terra tag-cais-do-valongo tag-cais-do-valongo-historia tag-pequena-africa tag-trafico-transatlantico-em-perspectiva-da-alfandega-ao-valongo-a-entrada-dos-cativos-no-valongo\">\n<h2 class=\"wp-block-post-title\"><a href=\"https:\/\/www.professores.uff.br\/juliocesarmedeiros\/2024\/11\/03\/por-que-o-valongo-e-a-pequena-africa-importam\/\" target=\"_self\" >Por que o Valongo e a Pequena \u00c1frica Importam?<\/a><\/h2>\n\n<figure class=\"alignwide wp-block-post-featured-image\"><a href=\"https:\/\/www.professores.uff.br\/juliocesarmedeiros\/2024\/11\/03\/por-que-o-valongo-e-a-pequena-africa-importam\/\" target=\"_self\"  ><img loading=\"lazy\" decoding=\"async\" width=\"504\" height=\"461\" src=\"https:\/\/www.professores.uff.br\/juliocesarmedeiros\/wp-content\/uploads\/sites\/191\/2024\/11\/Capturar2.png\" class=\"attachment-post-thumbnail size-post-thumbnail wp-post-image\" alt=\"Por que o Valongo e a Pequena \u00c1frica Importam?\" style=\"object-fit:cover;\" srcset=\"https:\/\/www.professores.uff.br\/juliocesarmedeiros\/wp-content\/uploads\/sites\/191\/2024\/11\/Capturar2.png 504w, https:\/\/www.professores.uff.br\/juliocesarmedeiros\/wp-content\/uploads\/sites\/191\/2024\/11\/Capturar2-300x274.png 300w\" sizes=\"auto, (max-width: 504px) 100vw, 504px\" \/><\/a><\/figure>\n\n<div class=\"wp-block-post-excerpt\"><p class=\"wp-block-post-excerpt__excerpt\">O Cais do Valongo e a Pequena \u00c1frica s\u00e3o marcos fundamentais na hist\u00f3ria afro-brasileira e s\u00edmbolos de resist\u00eancia. Como principal ponto de desembarque de africanos escravizados, o Valongo testemunhou a chegada de milh\u00f5es de africanos ao Brasil, deixando uma heran\u00e7a cultural profunda. A Pequena \u00c1frica, surgida ao redor do Valongo, tornou-se um vibrante centro cultural,&hellip; <\/p><\/div>\n\n\n<hr class=\"wp-block-separator has-css-opacity\" \/>\n\n\n<div class=\"wp-block-post-date\"><time datetime=\"2024-11-03T07:54:09-03:00\">3 de novembro de 2024<\/time><\/div>\n<\/li><li class=\"wp-block-post post-854 post type-post status-publish format-standard has-post-thumbnail hentry category-africa-antiga category-antropologia category-ciencia category-enem category-escravidao-historia category-escravidao category-historia category-negritude category-negritude-historia category-pretos-novos category-projetotrama category-trafico-negreiro tag-culturaafricana tag-africa-berco-da-humanidade tag-aula-2-homens-e-mulheres-no-trafico-atlantico-dois-pesos tag-duas-medidas tag-kalunga-grande tag-navio-negreiro tag-projeto-trama tag-trafico-negreiro-para-o-brasil tag-trafico-transatlantico-de-escravizados\">\n<h2 class=\"wp-block-post-title\"><a href=\"https:\/\/www.professores.uff.br\/juliocesarmedeiros\/2023\/05\/24\/aula-2-homens-e-mulheres-no-trafico-atlantico-dois-pesos-duas-medidas\/\" target=\"_self\" >Aula 2: Homens e mulheres no tr\u00e1fico atl\u00e2ntico &#8211; Dois pesos, duas medidas<\/a><\/h2>\n\n<figure class=\"alignwide wp-block-post-featured-image\"><a href=\"https:\/\/www.professores.uff.br\/juliocesarmedeiros\/2023\/05\/24\/aula-2-homens-e-mulheres-no-trafico-atlantico-dois-pesos-duas-medidas\/\" target=\"_self\"  ><img loading=\"lazy\" decoding=\"async\" width=\"1280\" height=\"720\" src=\"https:\/\/www.professores.uff.br\/juliocesarmedeiros\/wp-content\/uploads\/sites\/191\/2023\/05\/maxresdefault-4.jpg\" class=\"attachment-post-thumbnail size-post-thumbnail wp-post-image\" alt=\"Aula 2: Homens e mulheres no tr\u00e1fico atl\u00e2ntico &#8211; Dois pesos, duas medidas\" style=\"object-fit:cover;\" srcset=\"https:\/\/www.professores.uff.br\/juliocesarmedeiros\/wp-content\/uploads\/sites\/191\/2023\/05\/maxresdefault-4.jpg 1280w, https:\/\/www.professores.uff.br\/juliocesarmedeiros\/wp-content\/uploads\/sites\/191\/2023\/05\/maxresdefault-4-300x169.jpg 300w, https:\/\/www.professores.uff.br\/juliocesarmedeiros\/wp-content\/uploads\/sites\/191\/2023\/05\/maxresdefault-4-1024x576.jpg 1024w, https:\/\/www.professores.uff.br\/juliocesarmedeiros\/wp-content\/uploads\/sites\/191\/2023\/05\/maxresdefault-4-768x432.jpg 768w\" sizes=\"auto, (max-width: 1280px) 100vw, 1280px\" \/><\/a><\/figure>\n\n<div class=\"wp-block-post-excerpt\"><p class=\"wp-block-post-excerpt__excerpt\">Na segunda aula do curso de extens\u00e3o &#8220;A saga dos pretos novos&#8221;, mergulharemos profundamente na an\u00e1lise do tr\u00e1fico atl\u00e2ntico de escravos, focando especificamente nas experi\u00eancias e nas condi\u00e7\u00f5es enfrentadas por homens e mulheres nesse contexto hist\u00f3rico. Abordaremos a tem\u00e1tica sob a \u00f3tica da desigualdade de g\u00eanero, destacando as distintas realidades vivenciadas por cada um dos&hellip; <\/p><\/div>\n\n\n<hr class=\"wp-block-separator has-css-opacity\" \/>\n\n\n<div class=\"wp-block-post-date\"><time datetime=\"2023-05-24T22:51:52-03:00\">24 de maio de 2023<\/time><\/div>\n<\/li><li class=\"wp-block-post post-844 post type-post status-publish format-standard has-post-thumbnail hentry category-metodologia-cientifica category-projeto-de-extensao category-projetos-de-pesquisa category-projetotrama category-sem-categoria tag-as-hipoteses-da-pesquisa tag-como-elaborar-um-projeto-de-pesquisa tag-como-se-controi-as-hipoteses-em-projetos-de-pesquisa tag-metodologia tag-metodologia-cientifica tag-projeto-trama\">\n<h2 class=\"wp-block-post-title\"><a href=\"https:\/\/www.professores.uff.br\/juliocesarmedeiros\/2023\/05\/20\/como-se-controi-as-hipoteses-em-projetos-de-pesquisa\/\" target=\"_self\" >Como se controi as hipoteses em projetos de pesquisa<\/a><\/h2>\n\n<figure class=\"alignwide wp-block-post-featured-image\"><a href=\"https:\/\/www.professores.uff.br\/juliocesarmedeiros\/2023\/05\/20\/como-se-controi-as-hipoteses-em-projetos-de-pesquisa\/\" target=\"_self\"  ><img loading=\"lazy\" decoding=\"async\" width=\"961\" height=\"606\" src=\"https:\/\/www.professores.uff.br\/juliocesarmedeiros\/wp-content\/uploads\/sites\/191\/2023\/05\/pesquisador.jpg\" class=\"attachment-post-thumbnail size-post-thumbnail wp-post-image\" alt=\"Como se controi as hipoteses em projetos de pesquisa\" style=\"object-fit:cover;\" srcset=\"https:\/\/www.professores.uff.br\/juliocesarmedeiros\/wp-content\/uploads\/sites\/191\/2023\/05\/pesquisador.jpg 961w, https:\/\/www.professores.uff.br\/juliocesarmedeiros\/wp-content\/uploads\/sites\/191\/2023\/05\/pesquisador-300x189.jpg 300w, https:\/\/www.professores.uff.br\/juliocesarmedeiros\/wp-content\/uploads\/sites\/191\/2023\/05\/pesquisador-768x484.jpg 768w\" sizes=\"auto, (max-width: 961px) 100vw, 961px\" \/><\/a><\/figure>\n\n<div class=\"wp-block-post-excerpt\"><p class=\"wp-block-post-excerpt__excerpt\">Para criar as hip\u00f3teses de um projeto de pesquisa, \u00e9 importante seguir algumas diretrizes: Revis\u00e3o da literatura: Antes de formular as hip\u00f3teses, \u00e9 essencial realizar uma revis\u00e3o completa da literatura sobre o tema de pesquisa. Isso ajudar\u00e1 a identificar lacunas no conhecimento existente e a compreender as teorias, estudos e evid\u00eancias dispon\u00edveis. Identificar vari\u00e1veis: Com&hellip; <\/p><\/div>\n\n\n<hr class=\"wp-block-separator has-css-opacity\" \/>\n\n\n<div class=\"wp-block-post-date\"><time datetime=\"2023-05-20T10:42:40-03:00\">20 de maio de 2023<\/time><\/div>\n<\/li><li class=\"wp-block-post post-822 post type-post status-publish format-standard has-post-thumbnail hentry category-projeto-de-extensao category-projetos-de-pesquisa category-projetotrama category-sem-categoria tag-aquecimento-global tag-desafios-climaticos tag-escatologia tag-fim-do-mundo tag-os-desafios-das-alteracoes-climaticas-para-o-mundo\">\n<h2 class=\"wp-block-post-title\"><a href=\"https:\/\/www.professores.uff.br\/juliocesarmedeiros\/2023\/05\/20\/os-desafios-das-alteracoes-climaticas-para-o-mundo\/\" target=\"_self\" >Os desafios das altera\u00e7\u00f5es clim\u00e1ticas para o mundo<\/a><\/h2>\n\n<figure class=\"alignwide wp-block-post-featured-image\"><a href=\"https:\/\/www.professores.uff.br\/juliocesarmedeiros\/2023\/05\/20\/os-desafios-das-alteracoes-climaticas-para-o-mundo\/\" target=\"_self\"  ><img loading=\"lazy\" decoding=\"async\" width=\"1200\" height=\"675\" src=\"https:\/\/www.professores.uff.br\/juliocesarmedeiros\/wp-content\/uploads\/sites\/191\/2023\/05\/aquecimento-global-capa.jpg\" class=\"attachment-post-thumbnail size-post-thumbnail wp-post-image\" alt=\"Os desafios das altera\u00e7\u00f5es clim\u00e1ticas para o mundo\" style=\"object-fit:cover;\" srcset=\"https:\/\/www.professores.uff.br\/juliocesarmedeiros\/wp-content\/uploads\/sites\/191\/2023\/05\/aquecimento-global-capa.jpg 1200w, https:\/\/www.professores.uff.br\/juliocesarmedeiros\/wp-content\/uploads\/sites\/191\/2023\/05\/aquecimento-global-capa-300x169.jpg 300w, https:\/\/www.professores.uff.br\/juliocesarmedeiros\/wp-content\/uploads\/sites\/191\/2023\/05\/aquecimento-global-capa-1024x576.jpg 1024w, https:\/\/www.professores.uff.br\/juliocesarmedeiros\/wp-content\/uploads\/sites\/191\/2023\/05\/aquecimento-global-capa-768x432.jpg 768w\" sizes=\"auto, (max-width: 1200px) 100vw, 1200px\" \/><\/a><\/figure>\n\n<div class=\"wp-block-post-excerpt\"><p class=\"wp-block-post-excerpt__excerpt\">A mudan\u00e7a clim\u00e1tica \u00e9 um dos desafios mais prementes que a humanidade enfrenta. O aumento das concentra\u00e7\u00f5es de gases de efeito estufa na atmosfera devido \u00e0s atividades humanas est\u00e1 causando um aquecimento global sem precedentes, com consequ\u00eancias potencialmente catastr\u00f3ficas para o meio ambiente e a vida humana. Do aumento do n\u00edvel do mar \u00e0 intensifica\u00e7\u00e3o&hellip; <\/p><\/div>\n\n\n<hr class=\"wp-block-separator has-css-opacity\" \/>\n\n\n<div class=\"wp-block-post-date\"><time datetime=\"2023-05-20T10:28:47-03:00\">20 de maio de 2023<\/time><\/div>\n<\/li><li class=\"wp-block-post post-823 post type-post status-publish format-standard has-post-thumbnail hentry category-metodologia-cientifica category-projetos-de-pesquisa tag-pesquisa tag-abnt tag-como-elaborar-um-projeto-de-pesquisa tag-cronograma tag-desenvolvimento-pessoal tag-elaboracao tag-introducao tag-mestrado tag-metodologia tag-normas-tecnicas tag-pesquisa-cientifica tag-pesquisador tag-projeto-de-pesquisa tag-projeto-trama tag-revisao-de-literatura tag-stricto-sensu\">\n<h2 class=\"wp-block-post-title\"><a href=\"https:\/\/www.professores.uff.br\/juliocesarmedeiros\/2023\/04\/04\/dicas-de-como-elaborar-um-projeto-de-pesquisa\/\" target=\"_self\" >Dicas de como elaborar um projeto de Pesquisa<\/a><\/h2>\n\n<figure class=\"alignwide wp-block-post-featured-image\"><a href=\"https:\/\/www.professores.uff.br\/juliocesarmedeiros\/2023\/04\/04\/dicas-de-como-elaborar-um-projeto-de-pesquisa\/\" target=\"_self\"  ><img loading=\"lazy\" decoding=\"async\" width=\"1640\" height=\"924\" src=\"https:\/\/www.professores.uff.br\/juliocesarmedeiros\/wp-content\/uploads\/sites\/191\/2023\/04\/Capa-para-Facebook-minimalista-marketing-estrat\u00e9gico-roxo-branco-azul.png\" class=\"attachment-post-thumbnail size-post-thumbnail wp-post-image\" alt=\"Dicas de como elaborar um projeto de Pesquisa\" style=\"object-fit:cover;\" srcset=\"https:\/\/www.professores.uff.br\/juliocesarmedeiros\/wp-content\/uploads\/sites\/191\/2023\/04\/Capa-para-Facebook-minimalista-marketing-estrat\u00e9gico-roxo-branco-azul.png 1640w, https:\/\/www.professores.uff.br\/juliocesarmedeiros\/wp-content\/uploads\/sites\/191\/2023\/04\/Capa-para-Facebook-minimalista-marketing-estrat\u00e9gico-roxo-branco-azul-300x169.png 300w, https:\/\/www.professores.uff.br\/juliocesarmedeiros\/wp-content\/uploads\/sites\/191\/2023\/04\/Capa-para-Facebook-minimalista-marketing-estrat\u00e9gico-roxo-branco-azul-1024x577.png 1024w, https:\/\/www.professores.uff.br\/juliocesarmedeiros\/wp-content\/uploads\/sites\/191\/2023\/04\/Capa-para-Facebook-minimalista-marketing-estrat\u00e9gico-roxo-branco-azul-768x433.png 768w, https:\/\/www.professores.uff.br\/juliocesarmedeiros\/wp-content\/uploads\/sites\/191\/2023\/04\/Capa-para-Facebook-minimalista-marketing-estrat\u00e9gico-roxo-branco-azul-1536x865.png 1536w\" sizes=\"auto, (max-width: 1640px) 100vw, 1640px\" \/><\/a><\/figure>\n\n<div class=\"wp-block-post-excerpt\"><p class=\"wp-block-post-excerpt__excerpt\">A elabora\u00e7\u00e3o do projeto exige aten\u00e7\u00e3o a algumas etapas fundamentais, tais como a defini\u00e7\u00e3o do tema, a revis\u00e3o de literatura, a metodologia e o cronograma. O presente trabalho tem como objetivo apresentar algumas dicas para auxiliar na elabora\u00e7\u00e3o de um projeto de pesquisa para o ingresso em um programa de mestrado stricto sensu. Vamos l\u00e1? <\/p><\/div>\n\n\n<hr class=\"wp-block-separator has-css-opacity\" \/>\n\n\n<div class=\"wp-block-post-date\"><time datetime=\"2023-04-04T16:58:33-03:00\">4 de abril de 2023<\/time><\/div>\n<\/li><li class=\"wp-block-post post-817 post type-post status-publish format-standard has-post-thumbnail hentry category-africa-antiga category-antropologia category-ciencia category-desenvolvimento-academico category-historia category-historia-contemporanea category-historia-conteudo-e-metodo category-historia-da-ciencia category-historiografia category-iluminismo category-saude category-saude-e-adocimento category-vestibular tag-babilonia-estrelaciru tag-babilonia-estrelacyrus tag-historiadaciencia tag-astrofisica tag-astrophotography tag-babilonia tag-bbcbrasil tag-conjuncao tag-historia-mundial tag-jupter tag-natal tag-sturno\">\n<h2 class=\"wp-block-post-title\"><a href=\"https:\/\/www.professores.uff.br\/juliocesarmedeiros\/2022\/12\/24\/o-misterio-da-estrela-de-belem\/\" target=\"_self\" >O mist\u00e9rio da estrela de Bel\u00e9m<\/a><\/h2>\n\n<figure class=\"alignwide wp-block-post-featured-image\"><a href=\"https:\/\/www.professores.uff.br\/juliocesarmedeiros\/2022\/12\/24\/o-misterio-da-estrela-de-belem\/\" target=\"_self\"  ><img loading=\"lazy\" decoding=\"async\" width=\"441\" height=\"570\" src=\"https:\/\/www.professores.uff.br\/juliocesarmedeiros\/wp-content\/uploads\/sites\/191\/2022\/12\/Belem2.png\" class=\"attachment-post-thumbnail size-post-thumbnail wp-post-image\" alt=\"O mist\u00e9rio da estrela de Bel\u00e9m\" style=\"object-fit:cover;\" srcset=\"https:\/\/www.professores.uff.br\/juliocesarmedeiros\/wp-content\/uploads\/sites\/191\/2022\/12\/Belem2.png 441w, https:\/\/www.professores.uff.br\/juliocesarmedeiros\/wp-content\/uploads\/sites\/191\/2022\/12\/Belem2-232x300.png 232w\" sizes=\"auto, (max-width: 441px) 100vw, 441px\" \/><\/a><\/figure>\n\n<div class=\"wp-block-post-excerpt\"><p class=\"wp-block-post-excerpt__excerpt\">Desde crian\u00e7a sempre fiquei intrigado com o c\u00e9u e as suas estrelas.&nbsp; Ficava horas por noite a olhar o brilho dos seres celestes refletindo no escuro c\u00e9u azul. Pontos brancos refletindo ao longe.&nbsp; Saber que est\u00e3o a milhares de anos luz daqui, mais tarde, me deixou ainda mais confuso. Talvez t\u00e3o intrigado quanto os cientistas&hellip; <\/p><\/div>\n\n\n<hr class=\"wp-block-separator has-css-opacity\" \/>\n\n\n<div class=\"wp-block-post-date\"><time datetime=\"2022-12-24T18:49:02-03:00\">24 de dezembro de 2022<\/time><\/div>\n<\/li><li class=\"wp-block-post post-812 post type-post status-publish format-standard has-post-thumbnail hentry category-sem-categoria tag-em-qual-revista-publicar tag-o-que-divulgacao-cientifica tag-o-que-e-revista-cientifica tag-publicar-artigo tag-revista-cientifica\">\n<h2 class=\"wp-block-post-title\"><a href=\"https:\/\/www.professores.uff.br\/juliocesarmedeiros\/2022\/08\/29\/4-revistas-cientificas-de-destaque-nacional-e-internacional\/\" target=\"_self\" >4 revistas Cient\u00edficas de destaque nacional e internacional<\/a><\/h2>\n\n<figure class=\"alignwide wp-block-post-featured-image\"><a href=\"https:\/\/www.professores.uff.br\/juliocesarmedeiros\/2022\/08\/29\/4-revistas-cientificas-de-destaque-nacional-e-internacional\/\" target=\"_self\"  ><img loading=\"lazy\" decoding=\"async\" width=\"823\" height=\"438\" src=\"https:\/\/www.professores.uff.br\/juliocesarmedeiros\/wp-content\/uploads\/sites\/191\/2022\/08\/Capturar.jpg\" class=\"attachment-post-thumbnail size-post-thumbnail wp-post-image\" alt=\"4 revistas Cient\u00edficas de destaque nacional e internacional\" style=\"object-fit:cover;\" srcset=\"https:\/\/www.professores.uff.br\/juliocesarmedeiros\/wp-content\/uploads\/sites\/191\/2022\/08\/Capturar.jpg 823w, https:\/\/www.professores.uff.br\/juliocesarmedeiros\/wp-content\/uploads\/sites\/191\/2022\/08\/Capturar-300x160.jpg 300w, https:\/\/www.professores.uff.br\/juliocesarmedeiros\/wp-content\/uploads\/sites\/191\/2022\/08\/Capturar-768x409.jpg 768w\" sizes=\"auto, (max-width: 823px) 100vw, 823px\" \/><\/a><\/figure>\n\n<div class=\"wp-block-post-excerpt\"><p class=\"wp-block-post-excerpt__excerpt\">Acompanhar as revistas cient\u00edficas \u00e9 uma das melhores maneiras de garantir isso e expandir o seu conhecimento <\/p><\/div>\n\n\n<hr class=\"wp-block-separator has-css-opacity\" \/>\n\n\n<div class=\"wp-block-post-date\"><time datetime=\"2022-08-29T16:55:38-03:00\">29 de agosto de 2022<\/time><\/div>\n<\/li><li class=\"wp-block-post post-794 post type-post status-publish format-standard has-post-thumbnail hentry category-antropologia category-brasil-republica category-enem category-historia category-historia-contemporanea category-historiografia category-resenha category-sem-categoria tag-a-republica-que-nao-foi tag-brasil-republica tag-cidadania tag-enem tag-fuvest tag-historiografia tag-jose-murilo-de-carvalho tag-os-bestializados tag-passei-direto tag-resenha tag-resenha-critica\">\n<h2 class=\"wp-block-post-title\"><a href=\"https:\/\/www.professores.uff.br\/juliocesarmedeiros\/2022\/06\/30\/cidadaos-apaticos-ou-apenas-excluidos-do-poder\/\" target=\"_self\" >Cidad\u00e3os ap\u00e1ticos ou apenas exclu\u00eddos do poder?<\/a><\/h2>\n\n<figure class=\"alignwide wp-block-post-featured-image\"><a href=\"https:\/\/www.professores.uff.br\/juliocesarmedeiros\/2022\/06\/30\/cidadaos-apaticos-ou-apenas-excluidos-do-poder\/\" target=\"_self\"  ><img loading=\"lazy\" decoding=\"async\" width=\"620\" height=\"349\" src=\"https:\/\/www.professores.uff.br\/juliocesarmedeiros\/wp-content\/uploads\/sites\/191\/2022\/06\/Bonde_virado_Revolta_da_Vacina.jpg\" class=\"attachment-post-thumbnail size-post-thumbnail wp-post-image\" alt=\"Cidad\u00e3os ap\u00e1ticos ou apenas exclu\u00eddos do poder?\" style=\"object-fit:cover;\" srcset=\"https:\/\/www.professores.uff.br\/juliocesarmedeiros\/wp-content\/uploads\/sites\/191\/2022\/06\/Bonde_virado_Revolta_da_Vacina.jpg 620w, https:\/\/www.professores.uff.br\/juliocesarmedeiros\/wp-content\/uploads\/sites\/191\/2022\/06\/Bonde_virado_Revolta_da_Vacina-300x169.jpg 300w\" sizes=\"auto, (max-width: 620px) 100vw, 620px\" \/><\/a><\/figure>\n\n<div class=\"wp-block-post-excerpt\"><p class=\"wp-block-post-excerpt__excerpt\">Os bestializados e a rep\u00fablica que n\u00e3o foi, livro objeto desta resenha, se tornou um cl\u00e1ssico da historiografia brasileira, no qual o autor analisa o quadro de instaura\u00e7\u00e3o do novo regime, a Rep\u00fablica. <\/p><\/div>\n\n\n<hr class=\"wp-block-separator has-css-opacity\" \/>\n\n\n<div class=\"wp-block-post-date\"><time datetime=\"2022-06-30T17:30:25-03:00\">30 de junho de 2022<\/time><\/div>\n<\/li><li class=\"wp-block-post post-779 post type-post status-publish format-standard has-post-thumbnail hentry category-historia category-historia-contemporanea category-historia-conteudo-e-metodo tag-a-russua-atacou-a-ucrania tag-bolsonaro tag-bolsonaro-putin tag-conflito-russia-ucrania tag-entenda-o-conflito-russia-x-ucrania-teremos-uma-terceira-guerra-mundial tag-guerra-entre-a-russia-e-a-ucrania tag-o-que-a-otan tag-putin tag-quem-a-ucrania tag-quem-e-a-russia tag-russia tag-russia-invade-a-ucrania tag-russia-invadiu-a-ucrania-ao-vivo tag-russia-x-ucrania tag-terceira-guerra-mundial-russia-e-ucrania tag-terceira-guerra-mundial-russia-eua tag-teremos-uma-terceira-guerra-mundial tag-ucrania tag-vladimir-putin\">\n<h2 class=\"wp-block-post-title\"><a href=\"https:\/\/www.professores.uff.br\/juliocesarmedeiros\/2022\/02\/24\/entenda-o-conflito-russia-x-ucrania-seria-possivel-uma-3a-guerra-mundial\/\" target=\"_self\" >Entenda o conflito R\u00fassia X Ucr\u00e2nia. Seria poss\u00edvel uma 3\u00aa Guerra Mundial?<\/a><\/h2>\n\n<figure class=\"alignwide wp-block-post-featured-image\"><a href=\"https:\/\/www.professores.uff.br\/juliocesarmedeiros\/2022\/02\/24\/entenda-o-conflito-russia-x-ucrania-seria-possivel-uma-3a-guerra-mundial\/\" target=\"_self\"  ><img loading=\"lazy\" decoding=\"async\" width=\"1280\" height=\"720\" src=\"https:\/\/www.professores.uff.br\/juliocesarmedeiros\/wp-content\/uploads\/sites\/191\/2022\/02\/Cpia-de-Youtube-Thumbnail-Interview-Podcast-Template-Feito-com-PosterMyWall.jpg\" class=\"attachment-post-thumbnail size-post-thumbnail wp-post-image\" alt=\"Entenda o conflito R\u00fassia X Ucr\u00e2nia. Seria poss\u00edvel uma 3\u00aa Guerra Mundial?\" style=\"object-fit:cover;\" srcset=\"https:\/\/www.professores.uff.br\/juliocesarmedeiros\/wp-content\/uploads\/sites\/191\/2022\/02\/Cpia-de-Youtube-Thumbnail-Interview-Podcast-Template-Feito-com-PosterMyWall.jpg 1280w, https:\/\/www.professores.uff.br\/juliocesarmedeiros\/wp-content\/uploads\/sites\/191\/2022\/02\/Cpia-de-Youtube-Thumbnail-Interview-Podcast-Template-Feito-com-PosterMyWall-300x169.jpg 300w, https:\/\/www.professores.uff.br\/juliocesarmedeiros\/wp-content\/uploads\/sites\/191\/2022\/02\/Cpia-de-Youtube-Thumbnail-Interview-Podcast-Template-Feito-com-PosterMyWall-1024x576.jpg 1024w, https:\/\/www.professores.uff.br\/juliocesarmedeiros\/wp-content\/uploads\/sites\/191\/2022\/02\/Cpia-de-Youtube-Thumbnail-Interview-Podcast-Template-Feito-com-PosterMyWall-768x432.jpg 768w\" sizes=\"auto, (max-width: 1280px) 100vw, 1280px\" \/><\/a><\/figure>\n\n<div class=\"wp-block-post-excerpt\"><p class=\"wp-block-post-excerpt__excerpt\">Pessoal, compartilhando com voc\u00eas meu novo v\u00eddeo sobre o conflito no Leste Europeu, envolvendo a R\u00fassia e a Ucr\u00e2nia, espero que gostem. Deixem seus coment\u00e1rios, joinhas e se inscrevam no canal Qual o motivo da guerra entre R\u00fassia e Ucr\u00e2nia? A R\u00fassia, que enviou 150.000 soldados \u00e0 fronteira com a Ucr\u00e2nia, exige que o pa\u00eds&hellip; <\/p><\/div>\n\n\n<hr class=\"wp-block-separator has-css-opacity\" \/>\n\n\n<div class=\"wp-block-post-date\"><time datetime=\"2022-02-24T19:28:01-03:00\">24 de fevereiro de 2022<\/time><\/div>\n<\/li><li class=\"wp-block-post post-768 post type-post status-publish format-standard has-post-thumbnail hentry category-enem-enem category-historia category-historia-contemporanea category-historia-conteudo-e-metodo category-literatura category-negritude category-negritude-historia category-racismo-historia category-racismo category-vestibular tag-carolina-maria-de tag-carolina-maria-de-jesus tag-carolina-maria-de-jesus-documentario tag-carolina-maria-de-jesus-entrevista tag-carolina-maria-de-jesus-quarto-de-despejo tag-consciencia-negra tag-diario-de-uma-favelada-carolina-maria-de-jesus tag-diario-de-uma-favelada_final tag-escritora tag-escritora-negra tag-favela tag-literatura tag-literatura-negra tag-negra tag-parte-final tag-quarto-de-despejo tag-quarto-de-despejo-audiolivro tag-quarto-de-despejo-diario-de-uma-favelada tag-quarto-de-despejo-resumo tag-vestibular tag-video-aulas\">\n<h2 class=\"wp-block-post-title\"><a href=\"https:\/\/www.professores.uff.br\/juliocesarmedeiros\/2021\/12\/02\/carolina-de-jesus-quarto-de-despejo\/\" target=\"_self\" >Carolina de Jesus &#8211; Quarto de despejo<\/a><\/h2>\n\n<figure class=\"alignwide wp-block-post-featured-image\"><a href=\"https:\/\/www.professores.uff.br\/juliocesarmedeiros\/2021\/12\/02\/carolina-de-jesus-quarto-de-despejo\/\" target=\"_self\"  ><img loading=\"lazy\" decoding=\"async\" width=\"1080\" height=\"1080\" src=\"https:\/\/www.professores.uff.br\/juliocesarmedeiros\/wp-content\/uploads\/sites\/191\/2021\/12\/carolina-de-Jesus-insta-Feito-com-PosterMyWall.jpg\" class=\"attachment-post-thumbnail size-post-thumbnail wp-post-image\" alt=\"Carolina de Jesus &#8211; Quarto de despejo\" style=\"object-fit:cover;\" srcset=\"https:\/\/www.professores.uff.br\/juliocesarmedeiros\/wp-content\/uploads\/sites\/191\/2021\/12\/carolina-de-Jesus-insta-Feito-com-PosterMyWall.jpg 1080w, https:\/\/www.professores.uff.br\/juliocesarmedeiros\/wp-content\/uploads\/sites\/191\/2021\/12\/carolina-de-Jesus-insta-Feito-com-PosterMyWall-300x300.jpg 300w, https:\/\/www.professores.uff.br\/juliocesarmedeiros\/wp-content\/uploads\/sites\/191\/2021\/12\/carolina-de-Jesus-insta-Feito-com-PosterMyWall-1024x1024.jpg 1024w, https:\/\/www.professores.uff.br\/juliocesarmedeiros\/wp-content\/uploads\/sites\/191\/2021\/12\/carolina-de-Jesus-insta-Feito-com-PosterMyWall-150x150.jpg 150w, https:\/\/www.professores.uff.br\/juliocesarmedeiros\/wp-content\/uploads\/sites\/191\/2021\/12\/carolina-de-Jesus-insta-Feito-com-PosterMyWall-768x768.jpg 768w\" sizes=\"auto, (max-width: 1080px) 100vw, 1080px\" \/><\/a><\/figure>\n\n<div class=\"wp-block-post-excerpt\"><p class=\"wp-block-post-excerpt__excerpt\">Carolina de Jesus foi uma das primeiras escritoras negras do Brasil e \u00e9 considerada uma das mais importantes escritoras do pa\u00eds. Assista a parte final, da sua obra: Quarto de Despejo <\/p><\/div>\n\n\n<hr class=\"wp-block-separator has-css-opacity\" \/>\n\n\n<div class=\"wp-block-post-date\"><time datetime=\"2021-12-02T00:15:02-03:00\">2 de dezembro de 2021<\/time><\/div>\n<\/li><li class=\"wp-block-post post-755 post type-post status-publish format-standard has-post-thumbnail hentry category-africa-antiga category-antropologia category-arte-africana category-enem category-escravidao-historia category-historia category-historia-contemporanea category-negritude category-negritude-historia category-projeto-de-extensao category-sem-categoria category-vestibular tag-africa tag-africa-berco-da-humanidade tag-arte-africana tag-arte-rupestre tag-figura tag-figura-rupestre tag-frank-willett tag-historia-da-arte\">\n<h2 class=\"wp-block-post-title\"><a href=\"https:\/\/www.professores.uff.br\/juliocesarmedeiros\/2021\/10\/21\/o-desenvolvimento-do-estudo-da-arte-africana-e-os-seus-impactos-sobre-a-arte-europeia\/\" target=\"_self\" >O desenvolvimento do Estudo da Arte Africana e os seus impactos sobre a arte europeia<\/a><\/h2>\n\n<figure class=\"alignwide wp-block-post-featured-image\"><a href=\"https:\/\/www.professores.uff.br\/juliocesarmedeiros\/2021\/10\/21\/o-desenvolvimento-do-estudo-da-arte-africana-e-os-seus-impactos-sobre-a-arte-europeia\/\" target=\"_self\"  ><img loading=\"lazy\" decoding=\"async\" width=\"768\" height=\"512\" src=\"https:\/\/www.professores.uff.br\/juliocesarmedeiros\/wp-content\/uploads\/sites\/191\/2021\/10\/15115618145a189a56a92b4_1511561814_3x2_md.jpg\" class=\"attachment-post-thumbnail size-post-thumbnail wp-post-image\" alt=\"O desenvolvimento do Estudo da Arte Africana e os seus impactos sobre a arte europeia\" style=\"object-fit:cover;\" srcset=\"https:\/\/www.professores.uff.br\/juliocesarmedeiros\/wp-content\/uploads\/sites\/191\/2021\/10\/15115618145a189a56a92b4_1511561814_3x2_md.jpg 768w, https:\/\/www.professores.uff.br\/juliocesarmedeiros\/wp-content\/uploads\/sites\/191\/2021\/10\/15115618145a189a56a92b4_1511561814_3x2_md-300x200.jpg 300w, https:\/\/www.professores.uff.br\/juliocesarmedeiros\/wp-content\/uploads\/sites\/191\/2021\/10\/15115618145a189a56a92b4_1511561814_3x2_md-120x80.jpg 120w\" sizes=\"auto, (max-width: 768px) 100vw, 768px\" \/><\/a><\/figure>\n\n<div class=\"wp-block-post-excerpt\"><p class=\"wp-block-post-excerpt__excerpt\">Neste breve artigo, farei um breve resumo da obra, para aqueles que quiserem conhecer mais o trabalho deixando minhas impress\u00f5es e coment\u00e1rios, que poder\u00e3o ser uteis aqueles de alguma forma, como algum tipo de apontamento. <\/p><\/div>\n\n\n<hr class=\"wp-block-separator has-css-opacity\" \/>\n\n\n<div class=\"wp-block-post-date\"><time datetime=\"2021-10-21T18:45:31-03:00\">21 de outubro de 2021<\/time><\/div>\n<\/li><li class=\"wp-block-post post-744 post type-post status-publish format-standard hentry category-antropologia category-enem-enem category-escravidao category-escravidao-historia category-historia category-historia-contemporanea category-historia-conteudo-e-metodo category-historiografia category-imperialismo category-negritude-historia category-projeto-de-extensao category-racismo-historia category-vestibular tag-historia tag-as-bases-do-imperialismo-global tag-as-bases-do-imperialismo-global-como-as-nacoes-imperialistas-dominaram-o-mundo-no-seculo-xix tag-aula-de-historia tag-como tag-estudar-para-o-enem tag-historia-contemporanea-enem tag-historia-mundial tag-imperialismo-e-globalizacao tag-imperialismo-na-africa-e-na-asia tag-imperialismo-na-africa-e-na-asia-descomplica tag-imperialismo-no-sec-xix tag-imperialismo-y-globalizacion tag-o-que-e-o-imperialismo tag-partilha-da-africa-e-da-asia tag-projeto-trama tag-sankofa-uff tag-video-aulas\">\n<h2 class=\"wp-block-post-title\"><a href=\"https:\/\/www.professores.uff.br\/juliocesarmedeiros\/2021\/07\/09\/as-bases-do-imperialismo-global\/\" target=\"_self\" >As bases do Imperialismo Global<\/a><\/h2>\n\n\n\n<div class=\"wp-block-post-excerpt\"><p class=\"wp-block-post-excerpt__excerpt\">O Imperialismo \u00e9 o nome dado para o conjunto de pol\u00edticas que teve como objetivo promover a expans\u00e3o territorial, econ\u00f4mica e\/ou cultural de um pa\u00eds sobre outros. Assista neste v\u00eddeo as bases deste sistema econ\u00f4mico, politico e social que dominou o mundo. <\/p><\/div>\n\n\n<hr class=\"wp-block-separator has-css-opacity\" \/>\n\n\n<div class=\"wp-block-post-date\"><time datetime=\"2021-07-09T10:31:32-03:00\">9 de julho de 2021<\/time><\/div>\n<\/li><li class=\"wp-block-post post-740 post type-post status-publish format-standard hentry category-sem-categoria\">\n<h2 class=\"wp-block-post-title\"><a href=\"https:\/\/www.professores.uff.br\/juliocesarmedeiros\/2021\/05\/13\/o-13-de-maio-de-1888-e-importante\/\" target=\"_self\" >O 13 de maio de 1888 \u00e9 importante?<\/a><\/h2>\n\n\n\n<div class=\"wp-block-post-excerpt\"><p class=\"wp-block-post-excerpt__excerpt\">O Brasil completa hoje 133 anos de aboli\u00e7\u00e3o. Nesta data, a Princesa Isabel assinava a chamada Lei \u00c1urea que extinguia a escravid\u00e3o no Brasil, no entanto, na pr\u00e1tica pouca coisa mudou em rela\u00e7\u00e3o aos milhares de escravizados trazidos de \u00c1frica e seus descendentes em rela\u00e7\u00e3o ao racismo, ao preconceito e \u00e0 cidadania plena. Ainda precisamos&hellip; <\/p><\/div>\n\n\n<hr class=\"wp-block-separator has-css-opacity\" \/>\n\n\n<div class=\"wp-block-post-date\"><time datetime=\"2021-05-13T17:31:54-03:00\">13 de maio de 2021<\/time><\/div>\n<\/li><li class=\"wp-block-post post-731 post type-post status-publish format-standard hentry category-enem category-escravidao category-historia-contemporanea category-negritude category-noticias category-racismo category-racismo-historia category-vestibular tag-filmes-com-tematica-negra tag-filmes-sobre-preconceito tag-filmes-sobre-preconceito-racial tag-filmes-sobre-racismo tag-indicados-ao-oscar tag-oscar-2021 tag-oscrar-e-negritude tag-tematica-negra-no-oscar\">\n<h2 class=\"wp-block-post-title\"><a href=\"https:\/\/www.professores.uff.br\/juliocesarmedeiros\/2021\/04\/23\/filmes-com-a-tematica-negra-no-oscar-2021-saiba-quais-sao-e-porque-usa-los-na-sala-de-aula\/\" target=\"_self\" >FILMES COM  A TEM\u00c1TICA NEGRA NO OSCAR 2021: SAIBA QUAIS S\u00c3O E PORQU\u00ca US\u00c1-LOS NA SALA DE AULA<\/a><\/h2>\n\n\n\n<div class=\"wp-block-post-excerpt\"><p class=\"wp-block-post-excerpt__excerpt\">Filmes que lidam com a tem\u00e1tica negra, no Oscar 2021 <\/p><\/div>\n\n\n<hr class=\"wp-block-separator has-css-opacity\" \/>\n\n\n<div class=\"wp-block-post-date\"><time datetime=\"2021-04-23T21:27:35-03:00\">23 de abril de 2021<\/time><\/div>\n<\/li><li class=\"wp-block-post post-710 post type-post status-publish format-standard has-post-thumbnail hentry category-africa-antiga category-antropologia category-arqueologia category-ciencias category-escravidao category-escravidao-historia category-historia-contemporanea category-historia-da-ciencia category-negritude category-negritude-historia category-racismo-historia category-sem-categoria category-trafico-negreiro tag-cemiterio-dos-pretos-novos tag-new-black-cemitery\">\n<h2 class=\"wp-block-post-title\"><a href=\"https:\/\/www.professores.uff.br\/juliocesarmedeiros\/2021\/04\/07\/the-new-black-cemetery\/\" target=\"_self\" >The New Black Cemetery<\/a><\/h2>\n\n<figure class=\"alignwide wp-block-post-featured-image\"><a href=\"https:\/\/www.professores.uff.br\/juliocesarmedeiros\/2021\/04\/07\/the-new-black-cemetery\/\" target=\"_self\"  ><img loading=\"lazy\" decoding=\"async\" width=\"720\" height=\"960\" src=\"https:\/\/www.professores.uff.br\/juliocesarmedeiros\/wp-content\/uploads\/sites\/191\/2018\/12\/386561_291097690928305_552674279_n.jpg\" class=\"attachment-post-thumbnail size-post-thumbnail wp-post-image\" alt=\"The New Black Cemetery\" style=\"object-fit:cover;\" srcset=\"https:\/\/www.professores.uff.br\/juliocesarmedeiros\/wp-content\/uploads\/sites\/191\/2018\/12\/386561_291097690928305_552674279_n.jpg 720w, https:\/\/www.professores.uff.br\/juliocesarmedeiros\/wp-content\/uploads\/sites\/191\/2018\/12\/386561_291097690928305_552674279_n-225x300.jpg 225w\" sizes=\"auto, (max-width: 720px) 100vw, 720px\" \/><\/a><\/figure>\n\n<div class=\"wp-block-post-excerpt\"><p class=\"wp-block-post-excerpt__excerpt\">Many years ago, in the African continent, millions of Africans were brought to other countries within the condition of slavery, from which came the origin of the African Diaspora. Nearly 10 million of the African slaves were brought to the Americas. Of these 10 million, 6 million were brought to Brazil to labor in sugarcane&hellip; <\/p><\/div>\n\n\n<hr class=\"wp-block-separator has-css-opacity\" \/>\n\n\n<div class=\"wp-block-post-date\"><time datetime=\"2021-04-07T17:43:07-03:00\">7 de abril de 2021<\/time><\/div>\n<\/li><li class=\"wp-block-post post-699 post type-post status-publish format-standard has-post-thumbnail hentry category-enem category-historia category-historia-contemporanea category-revolucao-francesa category-sem-categoria category-vestibular tag-girondinos tag-igualdade-liberdade-e-fraternidade tag-jacobinos tag-revolucao-fracesa tag-roberpierre tag-terceiro-estado\">\n<h2 class=\"wp-block-post-title\"><a href=\"https:\/\/www.professores.uff.br\/juliocesarmedeiros\/2021\/03\/25\/a-revolucao-francesa-2\/\" target=\"_self\" >A Revolu\u00e7\u00e3o Francesa<\/a><\/h2>\n\n<figure class=\"alignwide wp-block-post-featured-image\"><a href=\"https:\/\/www.professores.uff.br\/juliocesarmedeiros\/2021\/03\/25\/a-revolucao-francesa-2\/\" target=\"_self\"  ><img loading=\"lazy\" decoding=\"async\" width=\"1304\" height=\"732\" src=\"https:\/\/www.professores.uff.br\/juliocesarmedeiros\/wp-content\/uploads\/sites\/191\/2021\/03\/A-revolu\u00e7\u00e3o-Francesa-capa.jpg\" class=\"attachment-post-thumbnail size-post-thumbnail wp-post-image\" alt=\"A Revolu\u00e7\u00e3o Francesa\" style=\"object-fit:cover;\" srcset=\"https:\/\/www.professores.uff.br\/juliocesarmedeiros\/wp-content\/uploads\/sites\/191\/2021\/03\/A-revolu\u00e7\u00e3o-Francesa-capa.jpg 1304w, https:\/\/www.professores.uff.br\/juliocesarmedeiros\/wp-content\/uploads\/sites\/191\/2021\/03\/A-revolu\u00e7\u00e3o-Francesa-capa-300x168.jpg 300w, https:\/\/www.professores.uff.br\/juliocesarmedeiros\/wp-content\/uploads\/sites\/191\/2021\/03\/A-revolu\u00e7\u00e3o-Francesa-capa-1024x575.jpg 1024w, https:\/\/www.professores.uff.br\/juliocesarmedeiros\/wp-content\/uploads\/sites\/191\/2021\/03\/A-revolu\u00e7\u00e3o-Francesa-capa-768x431.jpg 768w\" sizes=\"auto, (max-width: 1304px) 100vw, 1304px\" \/><\/a><\/figure>\n\n<div class=\"wp-block-post-excerpt\"><p class=\"wp-block-post-excerpt__excerpt\">Esta revolu\u00e7\u00e3o foi resultado do descontentamento da popula\u00e7\u00e3o com os privil\u00e9gios da nobreza, do clero e da alta burguesia. <\/p><\/div>\n\n\n<hr class=\"wp-block-separator has-css-opacity\" \/>\n\n\n<div class=\"wp-block-post-date\"><time datetime=\"2021-03-25T16:10:06-03:00\">25 de mar\u00e7o de 2021<\/time><\/div>\n<\/li><li class=\"wp-block-post post-695 post type-post status-publish format-standard has-post-thumbnail hentry category-antropologia category-arte-africana category-historia-contemporanea category-podcast tag-culturaafricana tag-arte-africana tag-frank-willett tag-podcast\">\n<h2 class=\"wp-block-post-title\"><a href=\"https:\/\/www.professores.uff.br\/juliocesarmedeiros\/2021\/03\/19\/aspectos-da-arte-africana\/\" target=\"_self\" >Aspectos da Arte Africana<\/a><\/h2>\n\n<figure class=\"alignwide wp-block-post-featured-image\"><a href=\"https:\/\/www.professores.uff.br\/juliocesarmedeiros\/2021\/03\/19\/aspectos-da-arte-africana\/\" target=\"_self\"  ><img loading=\"lazy\" decoding=\"async\" width=\"463\" height=\"416\" src=\"https:\/\/www.professores.uff.br\/juliocesarmedeiros\/wp-content\/uploads\/sites\/191\/2021\/03\/arte-africana2.png\" class=\"attachment-post-thumbnail size-post-thumbnail wp-post-image\" alt=\"Aspectos da Arte Africana\" style=\"object-fit:cover;\" srcset=\"https:\/\/www.professores.uff.br\/juliocesarmedeiros\/wp-content\/uploads\/sites\/191\/2021\/03\/arte-africana2.png 463w, https:\/\/www.professores.uff.br\/juliocesarmedeiros\/wp-content\/uploads\/sites\/191\/2021\/03\/arte-africana2-300x270.png 300w\" sizes=\"auto, (max-width: 463px) 100vw, 463px\" \/><\/a><\/figure>\n\n<div class=\"wp-block-post-excerpt\"><p class=\"wp-block-post-excerpt__excerpt\">Neste epis\u00f3dio, J\u00falio C\u00e9sar bate um papo com o professor Silas Fiorotti sobre Arte Africana, a partir da obra &#8220;Arte Africana&#8221; do autor Frank Willett. Falamos sobre a conceitua\u00e7\u00e3o &#8220;primitivo&#8221; e os principais aspectos da Arte Africana. Vale \u00e0 pena conferir! (Trabalho produzido pelo prof. J\u00falio C\u00e9sar, dentro do projeto Trama, do N\u00facleo de Pesquisa&hellip; <\/p><\/div>\n\n\n<hr class=\"wp-block-separator has-css-opacity\" \/>\n\n\n<div class=\"wp-block-post-date\"><time datetime=\"2021-03-19T18:44:19-03:00\">19 de mar\u00e7o de 2021<\/time><\/div>\n<\/li><li class=\"wp-block-post post-661 post type-post status-publish format-standard has-post-thumbnail hentry category-historia category-historia-contemporanea category-historia-conteudo-e-metodo category-historia-da-ciencia category-historiografia category-revolucao-americana tag-a-revolucao-americana tag-muda-tudo\">\n<h2 class=\"wp-block-post-title\"><a href=\"https:\/\/www.professores.uff.br\/juliocesarmedeiros\/2021\/03\/12\/a-revolucao-americana-muda-tudo-mas-nao-muda-nada\/\" target=\"_self\" >A revolu\u00e7\u00e3o Americana, muda tudo, mas n\u00e3o muda nada!<\/a><\/h2>\n\n<figure class=\"alignwide wp-block-post-featured-image\"><a href=\"https:\/\/www.professores.uff.br\/juliocesarmedeiros\/2021\/03\/12\/a-revolucao-americana-muda-tudo-mas-nao-muda-nada\/\" target=\"_self\"  ><img loading=\"lazy\" decoding=\"async\" width=\"638\" height=\"479\" src=\"https:\/\/www.professores.uff.br\/juliocesarmedeiros\/wp-content\/uploads\/sites\/191\/2021\/03\/Logo.jpg\" class=\"attachment-post-thumbnail size-post-thumbnail wp-post-image\" alt=\"A revolu\u00e7\u00e3o Americana, muda tudo, mas n\u00e3o muda nada!\" style=\"object-fit:cover;\" srcset=\"https:\/\/www.professores.uff.br\/juliocesarmedeiros\/wp-content\/uploads\/sites\/191\/2021\/03\/Logo.jpg 638w, https:\/\/www.professores.uff.br\/juliocesarmedeiros\/wp-content\/uploads\/sites\/191\/2021\/03\/Logo-300x225.jpg 300w, https:\/\/www.professores.uff.br\/juliocesarmedeiros\/wp-content\/uploads\/sites\/191\/2021\/03\/Logo-160x120.jpg 160w\" sizes=\"auto, (max-width: 638px) 100vw, 638px\" \/><\/a><\/figure>\n\n<div class=\"wp-block-post-excerpt\"><p class=\"wp-block-post-excerpt__excerpt\"> <\/p><\/div>\n\n\n<hr class=\"wp-block-separator has-css-opacity\" \/>\n\n\n<div class=\"wp-block-post-date\"><time datetime=\"2021-03-12T21:08:25-03:00\">12 de mar\u00e7o de 2021<\/time><\/div>\n<\/li><li class=\"wp-block-post post-657 post type-post status-publish format-standard hentry category-historia category-historia-contemporanea category-sem-categoria tag-a-revolucao-americana-e-as-suas-contradicoes\">\n<h2 class=\"wp-block-post-title\"><a href=\"https:\/\/www.professores.uff.br\/juliocesarmedeiros\/2021\/03\/12\/a-revolucao-americana-e-as-suas-contradicoes\/\" target=\"_self\" >A Revolu\u00e7\u00e3o Americana e as suas contradi\u00e7\u00f5es<\/a><\/h2>\n\n\n\n<div class=\"wp-block-post-excerpt\"><p class=\"wp-block-post-excerpt__excerpt\">&nbsp;&nbsp;&nbsp;&nbsp; A Independ\u00eancia dos Estados Unidos \u00e9 considerada a primeira revolu\u00e7\u00e3o americana. A segunda foi a Guerra de Secess\u00e3o. \u00a0\u00a0\u00a0\u00a0 \u00a0\u00a0\u00a0\u00a0 As treze col\u00f4nias inglesas da Am\u00e9rica formaram-se lentamente a partir do s\u00e9culo XVII. Nos fins do s\u00e9culo XVIII ocupavam uma faixa litor\u00e2nea que ia do Atl\u00e2ntico at\u00e9 os contrafortes dos Aleghanis. &nbsp;&nbsp;&nbsp;&nbsp;&nbsp;&nbsp;&nbsp;&nbsp;&nbsp; As col\u00f4nias&hellip; <\/p><\/div>\n\n\n<hr class=\"wp-block-separator has-css-opacity\" \/>\n\n\n<div class=\"wp-block-post-date\"><time datetime=\"2021-03-12T21:02:50-03:00\">12 de mar\u00e7o de 2021<\/time><\/div>\n<\/li><li class=\"wp-block-post post-597 post type-post status-publish format-standard hentry category-noticias category-sem-categoria\">\n<h2 class=\"wp-block-post-title\"><a href=\"https:\/\/www.professores.uff.br\/juliocesarmedeiros\/2020\/12\/09\/edison-durigon-o-cientista-que-cultiva-coronavirus-para-que-todos-avancem\/\" target=\"_self\" >Edison Durigon, o cientista que cultiva coronav\u00edrus para que todos avancem<\/a><\/h2>\n\n\n\n<div class=\"wp-block-post-excerpt\"><p class=\"wp-block-post-excerpt__excerpt\">https:\/\/www.uol.com.br\/tilt\/noticias\/redacao\/2020\/12\/07\/cientista-abastece-pesquisas-de-covid-mas-diz-temer-mesmo-ida-ao-mercado.htm <\/p><\/div>\n\n\n<hr class=\"wp-block-separator has-css-opacity\" \/>\n\n\n<div class=\"wp-block-post-date\"><time datetime=\"2020-12-09T07:12:22-03:00\">9 de dezembro de 2020<\/time><\/div>\n<\/li><li class=\"wp-block-post post-580 post type-post status-publish format-standard has-post-thumbnail hentry category-antropologia category-desenvolvimento-academico category-historia category-historia-contemporanea category-historia-conteudo-e-metodo category-historiografia category-imperialismo category-sem-categoria tag-fascismo tag-nazismo tag-periodo-entreguerras tag-pos-guerra tag-totalitarismo\">\n<h2 class=\"wp-block-post-title\"><a href=\"https:\/\/www.professores.uff.br\/juliocesarmedeiros\/2020\/11\/05\/nazismo-e-fascismo-os-pesadelos-que-nao-passam\/\" target=\"_self\" >Nazismo e fascismo, os pesadelos que n\u00e3o passam<\/a><\/h2>\n\n<figure class=\"alignwide wp-block-post-featured-image\"><a href=\"https:\/\/www.professores.uff.br\/juliocesarmedeiros\/2020\/11\/05\/nazismo-e-fascismo-os-pesadelos-que-nao-passam\/\" target=\"_self\"  ><img loading=\"lazy\" decoding=\"async\" width=\"960\" height=\"499\" src=\"https:\/\/www.professores.uff.br\/juliocesarmedeiros\/wp-content\/uploads\/sites\/191\/2020\/11\/nazismo.jpg\" class=\"attachment-post-thumbnail size-post-thumbnail wp-post-image\" alt=\"Nazismo e fascismo, os pesadelos que n\u00e3o passam\" style=\"object-fit:cover;\" srcset=\"https:\/\/www.professores.uff.br\/juliocesarmedeiros\/wp-content\/uploads\/sites\/191\/2020\/11\/nazismo.jpg 960w, https:\/\/www.professores.uff.br\/juliocesarmedeiros\/wp-content\/uploads\/sites\/191\/2020\/11\/nazismo-300x156.jpg 300w, https:\/\/www.professores.uff.br\/juliocesarmedeiros\/wp-content\/uploads\/sites\/191\/2020\/11\/nazismo-768x399.jpg 768w\" sizes=\"auto, (max-width: 960px) 100vw, 960px\" \/><\/a><\/figure>\n\n<div class=\"wp-block-post-excerpt\"><p class=\"wp-block-post-excerpt__excerpt\">Artigo que discute as permanencias e mudan\u00e7as do pensamentos nazista e fascista, nos dias de hoje. <\/p><\/div>\n\n\n<hr class=\"wp-block-separator has-css-opacity\" \/>\n\n\n<div class=\"wp-block-post-date\"><time datetime=\"2020-11-05T23:13:49-03:00\">5 de novembro de 2020<\/time><\/div>\n<\/li><li class=\"wp-block-post post-555 post type-post status-publish format-standard has-post-thumbnail hentry category-historia-contemporanea category-historiografia category-imperialismo category-racismo-historia tag-culturaafricana tag-historia tag-africa tag-colonialismo tag-contemporanea tag-dominadora-de-mentes tag-expansao-maritima tag-historia-mundia tag-imperialismo tag-inglaterra tag-rainha-dos-mares\">\n<h2 class=\"wp-block-post-title\"><a href=\"https:\/\/www.professores.uff.br\/juliocesarmedeiros\/2020\/09\/29\/inglaterra-rainha-dos-mares-dominadora-de-mentes\/\" target=\"_self\" >Inglaterra, Rainha dos Mares,  dominadora de mentes.<\/a><\/h2>\n\n<figure class=\"alignwide wp-block-post-featured-image\"><a href=\"https:\/\/www.professores.uff.br\/juliocesarmedeiros\/2020\/09\/29\/inglaterra-rainha-dos-mares-dominadora-de-mentes\/\" target=\"_self\"  ><img loading=\"lazy\" decoding=\"async\" width=\"640\" height=\"757\" src=\"https:\/\/www.professores.uff.br\/juliocesarmedeiros\/wp-content\/uploads\/sites\/191\/2020\/09\/Rules-the-waves.jpg\" class=\"attachment-post-thumbnail size-post-thumbnail wp-post-image\" alt=\"Inglaterra, Rainha dos Mares,  dominadora de mentes.\" style=\"object-fit:cover;\" srcset=\"https:\/\/www.professores.uff.br\/juliocesarmedeiros\/wp-content\/uploads\/sites\/191\/2020\/09\/Rules-the-waves.jpg 640w, https:\/\/www.professores.uff.br\/juliocesarmedeiros\/wp-content\/uploads\/sites\/191\/2020\/09\/Rules-the-waves-254x300.jpg 254w\" sizes=\"auto, (max-width: 640px) 100vw, 640px\" \/><\/a><\/figure>\n\n<div class=\"wp-block-post-excerpt\"><p class=\"wp-block-post-excerpt__excerpt\">A Inglaterra alargou sua expans\u00e3o imperial ao longo do s\u00e9culo XIX, devido ao seu grande poderio mar\u00edtimo baseado no \u201cdom\u00ednio dos mares\u201d, ou seja, uma vis\u00e3o do mar como uma poss\u00edvel rota comercial. Esta antiga vis\u00e3o, deita origens no inicio do reinado da Dinastia Tudor e se consolidou como uma politica bem sucedida que culminou&hellip; <\/p><\/div>\n\n\n<hr class=\"wp-block-separator has-css-opacity\" \/>\n\n\n<div class=\"wp-block-post-date\"><time datetime=\"2020-09-29T12:17:27-03:00\">29 de setembro de 2020<\/time><\/div>\n<\/li><li class=\"wp-block-post post-544 post type-post status-publish format-standard has-post-thumbnail hentry category-sem-categoria tag-historia-indigena tag-indigenas tag-kennet-maxweel\">\n<h2 class=\"wp-block-post-title\"><a href=\"https:\/\/www.professores.uff.br\/juliocesarmedeiros\/2020\/09\/16\/morte-e-sobrevivencia\/\" target=\"_self\" >MORTE E SOBREVIV\u00caNCIA<\/a><\/h2>\n\n<figure class=\"alignwide wp-block-post-featured-image\"><a href=\"https:\/\/www.professores.uff.br\/juliocesarmedeiros\/2020\/09\/16\/morte-e-sobrevivencia\/\" target=\"_self\"  ><img loading=\"lazy\" decoding=\"async\" width=\"960\" height=\"668\" src=\"https:\/\/www.professores.uff.br\/juliocesarmedeiros\/wp-content\/uploads\/sites\/191\/2020\/09\/guerras-face.jpg\" class=\"attachment-post-thumbnail size-post-thumbnail wp-post-image\" alt=\"MORTE E SOBREVIV\u00caNCIA\" style=\"object-fit:cover;\" srcset=\"https:\/\/www.professores.uff.br\/juliocesarmedeiros\/wp-content\/uploads\/sites\/191\/2020\/09\/guerras-face.jpg 960w, https:\/\/www.professores.uff.br\/juliocesarmedeiros\/wp-content\/uploads\/sites\/191\/2020\/09\/guerras-face-300x209.jpg 300w, https:\/\/www.professores.uff.br\/juliocesarmedeiros\/wp-content\/uploads\/sites\/191\/2020\/09\/guerras-face-768x534.jpg 768w\" sizes=\"auto, (max-width: 960px) 100vw, 960px\" \/><\/a><\/figure>\n\n<div class=\"wp-block-post-excerpt\"><p class=\"wp-block-post-excerpt__excerpt\">Kennet Maxwll descreve o encontro entre a cultura europ\u00e9ia e a amer\u00edndia e a morte e o sofrimento trazidos no Velho Mundo <\/p><\/div>\n\n\n<hr class=\"wp-block-separator has-css-opacity\" \/>\n\n\n<div class=\"wp-block-post-date\"><time datetime=\"2020-09-16T11:11:35-03:00\">16 de setembro de 2020<\/time><\/div>\n<\/li><li class=\"wp-block-post post-542 post type-post status-publish format-standard hentry category-africa-antiga category-trafico-negreiro tag-cais-da-imperatriz tag-cais-do-valongo tag-cais-do-valongo-historia tag-cemiteriodos-pretos-novos tag-diaspora-africana tag-escravidao tag-escravidao-africana tag-historia-3 tag-historia-da-escravidao tag-projeto-trama tag-slave-trade tag-slave-trader-statue-bristol tag-trafico-escravista tag-trafico-negreiro tag-trafico-negreiro-para-o-brasil tag-trafico-transatlantico-de-escravizados tag-trafico-transatlantico-em-perspectiva-da-alfandega-ao-valongo-a-entrada-dos-cativos-no-valongo tag-traficonereir\">\n<h2 class=\"wp-block-post-title\"><a href=\"https:\/\/www.professores.uff.br\/juliocesarmedeiros\/2020\/09\/08\/trafico-transatlantico-de-escravizados-em-perspectiva\/\" target=\"_self\" >Tr\u00e1fico transatl\u00e2ntico de Escravizados em Perspectiva<\/a><\/h2>\n\n\n\n<div class=\"wp-block-post-excerpt\"><p class=\"wp-block-post-excerpt__excerpt\">O Prof. Dr. J\u00falio C\u00e9sar Medeiros, no projeto &#8221; Em perspectiva&#8221;, promovido pelo N\u00facleo de Pesquisa Sankofa-UFF, rno LAPEH, recebem o Arque\u00f3logo Reinaldo Tavares (IPN) para falar sobre novas perspectivas em rela\u00e7\u00e3o ao desembarque de escravizados no Rio de Janeiro. <\/p><\/div>\n\n\n<hr class=\"wp-block-separator has-css-opacity\" \/>\n\n\n<div class=\"wp-block-post-date\"><time datetime=\"2020-09-08T17:48:24-03:00\">8 de setembro de 2020<\/time><\/div>\n<\/li><li class=\"wp-block-post post-536 post type-post status-publish format-standard hentry category-africa-antiga category-desenvolvimento-academico category-enem category-escravidao-historia category-escravidao category-historia category-negritude category-negritude-historia category-projeto-de-extensao category-racismo-historia category-racismo category-saude category-saude-e-adocimento tag-anemia-falciforme tag-brasil tag-coronavirus tag-covid-19 tag-discriminacao tag-educacao tag-educacao-do-campo tag-infes tag-negro tag-pandemia tag-politica-de-saude-da-populacao-negra tag-politica-nacional-de-saude-integral-da-populacao-negra tag-politicas-de-saude tag-populacao-negra tag-preconceito tag-racismo tag-racismo-institucional tag-saude tag-saude-da-populacao-negra tag-saude-e-adoecimento tag-saude-mental-da-populacao-negra tag-sus tag-telessaude-sc tag-uff tag-unbtv tag-universidade tag-vidas-negras-importam\">\n<h2 class=\"wp-block-post-title\"><a href=\"https:\/\/www.professores.uff.br\/juliocesarmedeiros\/2020\/07\/07\/saude-da-populacao-negra-vidas-negras-importam-a-pandemia-da-covid-19-do-ponto-de-vista-racial\/\" target=\"_self\" >Sa\u00fade da popula\u00e7\u00e3o negra. Vidas negras importam, a pandemia da Covid 19 do ponto de vista racial<\/a><\/h2>\n\n\n\n<div class=\"wp-block-post-excerpt\"><p class=\"wp-block-post-excerpt__excerpt\">N\u00facleo de Pesquisa SANKOFA: Rela\u00e7\u00f5es \u00e9tnico raciais, mem\u00f3ria, cidadania e Direitos Humanos. Canal em o SANKOFA trata sobre diversas tem\u00e1ticas relativas aos temas da hist\u00f3ria, Diretos Humanos, Negregritude, Africanidade e escravismo <\/p><\/div>\n\n\n<hr class=\"wp-block-separator has-css-opacity\" \/>\n\n\n<div class=\"wp-block-post-date\"><time datetime=\"2020-07-07T15:16:25-03:00\">7 de julho de 2020<\/time><\/div>\n<\/li><li class=\"wp-block-post post-531 post type-post status-publish format-standard has-post-thumbnail hentry category-africa-antiga category-arqueologia category-ciencias category-enem category-escravidao category-historia category-noticias category-racismo-historia category-racismo category-saude category-saude-e-adocimento category-sem-categoria tag-culturaafricana tag-historia tag-africa tag-coronvirus tag-covid-19 tag-isloamento-social tag-paises-africanaos tag-pandemia tag-politicas-publicas tag-quarentena\">\n<h2 class=\"wp-block-post-title\"><a href=\"https:\/\/www.professores.uff.br\/juliocesarmedeiros\/2020\/05\/16\/o-que-explica-a-suposta-resistencia-africana-ao-covid-19-prof-barbalhao-explica\/\" target=\"_self\" >O que explica a suposta resist\u00eancia  africana ao covid 19 (Prof. Barbalh\u00e3o explica)<\/a><\/h2>\n\n<figure class=\"alignwide wp-block-post-featured-image\"><a href=\"https:\/\/www.professores.uff.br\/juliocesarmedeiros\/2020\/05\/16\/o-que-explica-a-suposta-resistencia-africana-ao-covid-19-prof-barbalhao-explica\/\" target=\"_self\"  ><img loading=\"lazy\" decoding=\"async\" width=\"660\" height=\"372\" src=\"https:\/\/www.professores.uff.br\/juliocesarmedeiros\/wp-content\/uploads\/sites\/191\/2020\/05\/africa-corna-660x372-1.jpg\" class=\"attachment-post-thumbnail size-post-thumbnail wp-post-image\" alt=\"O que explica a suposta resist\u00eancia  africana ao covid 19 (Prof. Barbalh\u00e3o explica)\" style=\"object-fit:cover;\" srcset=\"https:\/\/www.professores.uff.br\/juliocesarmedeiros\/wp-content\/uploads\/sites\/191\/2020\/05\/africa-corna-660x372-1.jpg 660w, https:\/\/www.professores.uff.br\/juliocesarmedeiros\/wp-content\/uploads\/sites\/191\/2020\/05\/africa-corna-660x372-1-300x169.jpg 300w\" sizes=\"auto, (max-width: 660px) 100vw, 660px\" \/><\/a><\/figure>\n\n<div class=\"wp-block-post-excerpt\"><p class=\"wp-block-post-excerpt__excerpt\">O Prof. de Hist\u00f3ria mais legal do mundo, o famoso Barablh\u00e3o explica os motivos pelos quais talvez a \u00c1frica ainda n\u00e3o tenha sofrido mais baixas pelo Covid 19. <\/p><\/div>\n\n\n<hr class=\"wp-block-separator has-css-opacity\" \/>\n\n\n<div class=\"wp-block-post-date\"><time datetime=\"2020-05-16T16:35:14-03:00\">16 de maio de 2020<\/time><\/div>\n<\/li><li class=\"wp-block-post post-445 post type-post status-publish format-standard has-post-thumbnail hentry category-ciencias category-enem category-historia-contemporanea category-historia-conteudo-e-metodo category-historiografia category-liberalismo-economico category-revolucao-americana category-revolucao-francesa tag-revolucaoindustrial tag-absoltutismo tag-adam-smith tag-enem tag-historia-mundia tag-inglaterra tag-liberalismo-economico tag-livre-comercio tag-mercantilismo tag-oferta-e-procura tag-revolucao-fracesa tag-teorias-economicas\">\n<h2 class=\"wp-block-post-title\"><a href=\"https:\/\/www.professores.uff.br\/juliocesarmedeiros\/2019\/10\/03\/liberalismo-economico-e-a-formacao-do-mundo-contemporaneo\/\" target=\"_self\" >Liberalismo Econ\u00f4mico e a forma\u00e7\u00e3o do mundo contempor\u00e2neo<\/a><\/h2>\n\n<figure class=\"alignwide wp-block-post-featured-image\"><a href=\"https:\/\/www.professores.uff.br\/juliocesarmedeiros\/2019\/10\/03\/liberalismo-economico-e-a-formacao-do-mundo-contemporaneo\/\" target=\"_self\"  ><img loading=\"lazy\" decoding=\"async\" width=\"800\" height=\"375\" src=\"https:\/\/www.professores.uff.br\/juliocesarmedeiros\/wp-content\/uploads\/sites\/191\/2019\/10\/quem-foi-adam-smith.jpg\" class=\"attachment-post-thumbnail size-post-thumbnail wp-post-image\" alt=\"Liberalismo Econ\u00f4mico e a forma\u00e7\u00e3o do mundo contempor\u00e2neo\" style=\"object-fit:cover;\" srcset=\"https:\/\/www.professores.uff.br\/juliocesarmedeiros\/wp-content\/uploads\/sites\/191\/2019\/10\/quem-foi-adam-smith.jpg 800w, https:\/\/www.professores.uff.br\/juliocesarmedeiros\/wp-content\/uploads\/sites\/191\/2019\/10\/quem-foi-adam-smith-300x141.jpg 300w, https:\/\/www.professores.uff.br\/juliocesarmedeiros\/wp-content\/uploads\/sites\/191\/2019\/10\/quem-foi-adam-smith-768x360.jpg 768w\" sizes=\"auto, (max-width: 800px) 100vw, 800px\" \/><\/a><\/figure>\n\n<div class=\"wp-block-post-excerpt\"><p class=\"wp-block-post-excerpt__excerpt\">O liberalismo econ\u00f4mico ou liberalismo econ\u00f3mico \u00e9 uma ideologia baseada na organiza\u00e7\u00e3o da economia em linhas individualistas, rejeitando intervencionismo estatal, o que significa que o maior n\u00famero poss\u00edvel de decis\u00f5es econ\u00f4micas s\u00e3o tomadas pelas empresas e indiv\u00edduos e n\u00e3o pelo Estado ou por organiza\u00e7\u00f5es coletivas. Mas quais seriam as contradi\u00e7\u00f5es de um sistema no qual&hellip; <\/p><\/div>\n\n\n<hr class=\"wp-block-separator has-css-opacity\" \/>\n\n\n<div class=\"wp-block-post-date\"><time datetime=\"2019-10-03T19:34:37-03:00\">3 de outubro de 2019<\/time><\/div>\n<\/li><li class=\"wp-block-post post-429 post type-post status-publish format-standard has-post-thumbnail hentry category-enem category-historiografia category-sem-categoria tag-cercamentos tag-revolucaoindustrial tag-erichobsbawm\">\n<h2 class=\"wp-block-post-title\"><a href=\"https:\/\/www.professores.uff.br\/juliocesarmedeiros\/2019\/09\/04\/as-origens-da-revolucao-industrial-comentario-a-eric-hobsbawm\/\" target=\"_self\" >As origens da Revolu\u00e7\u00e3o Industrial (Coment\u00e1rio \u00e0 Eric Hobsbawm<\/a><\/h2>\n\n<figure class=\"alignwide wp-block-post-featured-image\"><a href=\"https:\/\/www.professores.uff.br\/juliocesarmedeiros\/2019\/09\/04\/as-origens-da-revolucao-industrial-comentario-a-eric-hobsbawm\/\" target=\"_self\"  ><img loading=\"lazy\" decoding=\"async\" width=\"500\" height=\"306\" src=\"https:\/\/www.professores.uff.br\/juliocesarmedeiros\/wp-content\/uploads\/sites\/191\/2019\/09\/revolu\u00e7\u00e3o-industrial.jpg\" class=\"attachment-post-thumbnail size-post-thumbnail wp-post-image\" alt=\"As origens da Revolu\u00e7\u00e3o Industrial (Coment\u00e1rio \u00e0 Eric Hobsbawm\" style=\"object-fit:cover;\" srcset=\"https:\/\/www.professores.uff.br\/juliocesarmedeiros\/wp-content\/uploads\/sites\/191\/2019\/09\/revolu\u00e7\u00e3o-industrial.jpg 500w, https:\/\/www.professores.uff.br\/juliocesarmedeiros\/wp-content\/uploads\/sites\/191\/2019\/09\/revolu\u00e7\u00e3o-industrial-300x184.jpg 300w\" sizes=\"auto, (max-width: 500px) 100vw, 500px\" \/><\/a><\/figure>\n\n<div class=\"wp-block-post-excerpt\"><p class=\"wp-block-post-excerpt__excerpt\">A Revolu\u00e7\u00e3o Industrial nada mais foi que uma profunda mudan\u00e7a tecnol\u00f3gica no meio de produ\u00e7\u00e3o da sociedade inglesa que a partir da\u00ed dar-se inicio a uma nova rela\u00e7\u00e3o entre o termo que surge chamado de capital e o modo de produ\u00e7\u00e3o que foi implementado. A principal mudan\u00e7a se deu no meio agr\u00edcola onde a agricultura&hellip; <\/p><\/div>\n\n\n<hr class=\"wp-block-separator has-css-opacity\" \/>\n\n\n<div class=\"wp-block-post-date\"><time datetime=\"2019-09-04T15:12:45-03:00\">4 de setembro de 2019<\/time><\/div>\n<\/li><li class=\"wp-block-post post-424 post type-post status-publish format-standard has-post-thumbnail hentry category-enem category-historiografia tag-61 tag-fim-do-antigo-regime tag-franca-pre-revolucionaria tag-revolucao-fracesa\">\n<h2 class=\"wp-block-post-title\"><a href=\"https:\/\/www.professores.uff.br\/juliocesarmedeiros\/2019\/08\/21\/a-revolucao-francesa\/\" target=\"_self\" >A Revolu\u00e7\u00e3o Francesa<\/a><\/h2>\n\n<figure class=\"alignwide wp-block-post-featured-image\"><a href=\"https:\/\/www.professores.uff.br\/juliocesarmedeiros\/2019\/08\/21\/a-revolucao-francesa\/\" target=\"_self\"  ><img loading=\"lazy\" decoding=\"async\" width=\"2510\" height=\"1874\" src=\"https:\/\/www.professores.uff.br\/juliocesarmedeiros\/wp-content\/uploads\/sites\/191\/2019\/08\/bastilha.jpg\" class=\"attachment-post-thumbnail size-post-thumbnail wp-post-image\" alt=\"A Revolu\u00e7\u00e3o Francesa\" style=\"object-fit:cover;\" srcset=\"https:\/\/www.professores.uff.br\/juliocesarmedeiros\/wp-content\/uploads\/sites\/191\/2019\/08\/bastilha.jpg 2510w, https:\/\/www.professores.uff.br\/juliocesarmedeiros\/wp-content\/uploads\/sites\/191\/2019\/08\/bastilha-300x224.jpg 300w, https:\/\/www.professores.uff.br\/juliocesarmedeiros\/wp-content\/uploads\/sites\/191\/2019\/08\/bastilha-768x573.jpg 768w, https:\/\/www.professores.uff.br\/juliocesarmedeiros\/wp-content\/uploads\/sites\/191\/2019\/08\/bastilha-1024x765.jpg 1024w\" sizes=\"auto, (max-width: 2510px) 100vw, 2510px\" \/><\/a><\/figure>\n\n<div class=\"wp-block-post-excerpt\"><p class=\"wp-block-post-excerpt__excerpt\">(Prof. J\u00falio C\u00e9sar Medeiros da Silva Pereira \u00cdndice 1. A Revolu\u00e7\u00e3o Francesa 2. Datas e fatos marcantes 3. Texto complementar 4. Exerc\u00edcios resolvidos 5. Exerc\u00edcios propostos 6. Exerc\u00edcios de Concursos 7. Gabarito 8. Bibliografia &nbsp;&nbsp;&nbsp;&nbsp;&nbsp;&nbsp;&nbsp;&nbsp;&nbsp; A Revolu\u00e7\u00e3o Francesa foi, historicamente, o acontecimento mais importante do per\u00edodo Moderno. Ela faz parte de um movimento global que&hellip; <\/p><\/div>\n\n\n<hr class=\"wp-block-separator has-css-opacity\" \/>\n\n\n<div class=\"wp-block-post-date\"><time datetime=\"2019-08-21T17:43:22-03:00\">21 de agosto de 2019<\/time><\/div>\n<\/li><li class=\"wp-block-post post-133 post type-post status-publish format-standard has-post-thumbnail hentry category-escravidao-historia category-historia category-negritude-historia category-racismo-historia category-tempo-comunidade category-trafico-negreiro tag-13-de-maio tag-13-de-maio-de-1888 tag-228 tag-abolicao tag-abolicao-da-escravatura tag-abolicao-da-escravidao tag-feature tag-lei-aurea tag-princesa-isabel\">\n<h2 class=\"wp-block-post-title\"><a href=\"https:\/\/www.professores.uff.br\/juliocesarmedeiros\/2018\/12\/14\/130-anos-de-abolicao-e-dai\/\" target=\"_self\" >130 anos de Aboli\u00e7\u00e3o e da\u00ed?<\/a><\/h2>\n\n<figure class=\"alignwide wp-block-post-featured-image\"><a href=\"https:\/\/www.professores.uff.br\/juliocesarmedeiros\/2018\/12\/14\/130-anos-de-abolicao-e-dai\/\" target=\"_self\"  ><img loading=\"lazy\" decoding=\"async\" width=\"1280\" height=\"718\" src=\"https:\/\/www.professores.uff.br\/juliocesarmedeiros\/wp-content\/uploads\/sites\/191\/2018\/12\/fotografias-da-escravidao-revelam-novos-pontos-de-vista-sobre-o-periodo.png\" class=\"attachment-post-thumbnail size-post-thumbnail wp-post-image\" alt=\"130 anos de Aboli\u00e7\u00e3o e da\u00ed?\" style=\"object-fit:cover;\" srcset=\"https:\/\/www.professores.uff.br\/juliocesarmedeiros\/wp-content\/uploads\/sites\/191\/2018\/12\/fotografias-da-escravidao-revelam-novos-pontos-de-vista-sobre-o-periodo.png 1280w, https:\/\/www.professores.uff.br\/juliocesarmedeiros\/wp-content\/uploads\/sites\/191\/2018\/12\/fotografias-da-escravidao-revelam-novos-pontos-de-vista-sobre-o-periodo-300x168.png 300w, https:\/\/www.professores.uff.br\/juliocesarmedeiros\/wp-content\/uploads\/sites\/191\/2018\/12\/fotografias-da-escravidao-revelam-novos-pontos-de-vista-sobre-o-periodo-1024x574.png 1024w, https:\/\/www.professores.uff.br\/juliocesarmedeiros\/wp-content\/uploads\/sites\/191\/2018\/12\/fotografias-da-escravidao-revelam-novos-pontos-de-vista-sobre-o-periodo-768x431.png 768w\" sizes=\"auto, (max-width: 1280px) 100vw, 1280px\" \/><\/a><\/figure>\n\n<div class=\"wp-block-post-excerpt\"><p class=\"wp-block-post-excerpt__excerpt\">O Brasil completa hoje 133 anos de aboli\u00e7\u00e3o. Nesta data, a Princesa Isabel assinava a chamada Lei \u00c1urea que extinguia a escravid\u00e3o no Brasil, no entanto, na pr\u00e1tica pouca coisa mudou em rela\u00e7\u00e3o aos milhares de escravizados trazidos de \u00c1frica e seus descendentes em rela\u00e7\u00e3o ao racismo, ao preconceito e \u00e0 cidadania plena. <\/p><\/div>\n\n\n<hr class=\"wp-block-separator has-css-opacity\" \/>\n\n\n<div class=\"wp-block-post-date\"><time datetime=\"2018-12-14T00:23:54-02:00\">14 de dezembro de 2018<\/time><\/div>\n<\/li><li class=\"wp-block-post post-906 post type-post status-publish format-standard has-post-thumbnail hentry category-escravidao-historia category-interdisciplinaridade category-negritude-historia category-pan-africanismo category-pequena-africa category-pretos-novos category-racismo-historia category-sem-categoria tag-africa-2 tag-colonialismo tag-congresso-pan-africano tag-cooperacao-internacional tag-descolonizacao-do-conhecimento tag-diaspora-africana tag-diaspora-afrodescendente tag-estudos-africanos tag-historia-contemporanea tag-historia-da-africa-2 tag-internacionalizacao tag-justica-reparatoria tag-lome tag-memoria-da-escravidao tag-missao-academica tag-pan-africanismo tag-patrimonio-cultural tag-pesquisa-academica tag-politicas-de-memoria tag-pos-colonialismo tag-producao-cientifica tag-racismo-estrutural tag-relacoes-etnico-raciais tag-relacoes-internacionais tag-saude-global tag-seguranca-alimentar tag-sul-global tag-togo tag-uff tag-universidade-federal-fluminense\">\n<h2 class=\"wp-block-post-title\"><a href=\"https:\/\/www.professores.uff.br\/juliocesarmedeiros\/2025\/12\/21\/9o-congresso-pan-africano-em-lome-togo\/\" target=\"_self\" >9\u00ba Congresso Pan Africano em Lom\u00e9-Togo<\/a><\/h2>\n\n<figure class=\"alignwide wp-block-post-featured-image\"><a href=\"https:\/\/www.professores.uff.br\/juliocesarmedeiros\/2025\/12\/21\/9o-congresso-pan-africano-em-lome-togo\/\" target=\"_self\"  ><img loading=\"lazy\" decoding=\"async\" width=\"720\" height=\"1280\" src=\"https:\/\/www.professores.uff.br\/juliocesarmedeiros\/wp-content\/uploads\/sites\/191\/2025\/12\/WhatsApp-Image-2025-12-11-at-15.58.04-1.jpeg\" class=\"attachment-post-thumbnail size-post-thumbnail wp-post-image\" alt=\"9\u00ba Congresso Pan Africano em Lom\u00e9-Togo\" style=\"object-fit:cover;\" srcset=\"https:\/\/www.professores.uff.br\/juliocesarmedeiros\/wp-content\/uploads\/sites\/191\/2025\/12\/WhatsApp-Image-2025-12-11-at-15.58.04-1.jpeg 720w, https:\/\/www.professores.uff.br\/juliocesarmedeiros\/wp-content\/uploads\/sites\/191\/2025\/12\/WhatsApp-Image-2025-12-11-at-15.58.04-1-169x300.jpeg 169w, https:\/\/www.professores.uff.br\/juliocesarmedeiros\/wp-content\/uploads\/sites\/191\/2025\/12\/WhatsApp-Image-2025-12-11-at-15.58.04-1-576x1024.jpeg 576w\" sizes=\"auto, (max-width: 720px) 100vw, 720px\" \/><\/a><\/figure>\n\n<div class=\"wp-block-post-excerpt\"><p class=\"wp-block-post-excerpt__excerpt\">Em dezembro de 2025, participei como integrante da delega\u00e7\u00e3o brasileira oficialmente convidada do 9\u00ba Congresso Pan-Africano, realizado em Lom\u00e9, na Rep\u00fablica do Togo. O evento, organizado sob a \u00e9gide da Uni\u00e3o Africana e com apoio do Governo togol\u00eas, reuniu lideran\u00e7as pol\u00edticas, pesquisadores e intelectuais para debater a renova\u00e7\u00e3o do pan-africanismo e o futuro das institui\u00e7\u00f5es&hellip; <\/p><\/div>\n\n\n<hr class=\"wp-block-separator has-css-opacity\" \/>\n\n\n<div class=\"wp-block-post-date\"><time datetime=\"2025-12-21T14:19:33-03:00\">21 de dezembro de 2025<\/time><\/div>\n<\/li><li class=\"wp-block-post post-904 post type-post status-publish format-standard hentry category-a-flor-da-terra category-arqueologia category-divulgacao-cientifica category-escravidao category-escravidao-historia category-historia-contemporanea category-pequena-africa category-pretos-novos tag-culturaafricana tag-historia tag-a-flor-da-terra-2 tag-arqueologia-da-escravidao tag-cais-do-valongo tag-cemiterio-dos-pretos-novos tag-cultura-afro-brasileira tag-estudos-afro-brasileiros tag-estudos-decoloniais tag-fiocruz-historia-da-ciencia-e-da-saude tag-historia-da-escravidao-no-brasil tag-historia-do-rio-de-janeiro tag-historia-publica tag-identidades-e-ancestralidade tag-julio-cesar-medeiros-da-silva-pereira tag-livro-a-flor-da-terra tag-memoria-afro-brasileira tag-memoria-coletiva tag-museu-e-patrimonio tag-necropolitica-e-escravidao tag-patrimonio-cultural-afro-brasileiro tag-pequena-africa-rio-de-janeiro tag-politicas-da-memoria tag-pos-abolicao tag-pretos-novos-ipn tag-racismo-estrutural tag-resistencia-negra tag-saude-e-escravidao-no-brasil tag-trafico-atlantico-de-africanos tag-universidade-federal-fluminense-uff\">\n<h2 class=\"wp-block-post-title\"><a href=\"https:\/\/www.professores.uff.br\/juliocesarmedeiros\/2025\/10\/07\/a-flor-da-terra-o-cemiterio-dos-pretos-novos-no-rio-de-janeiro-um-livro-sobre-o-silencio-a-memoria-e-a-humanidade-negada\/\" target=\"_self\" >\u00c0 Flor da Terra: o Cemit\u00e9rio dos Pretos Novos no Rio de Janeiro.  Um livro sobre o sil\u00eancio, a mem\u00f3ria e a humanidade negada<\/a><\/h2>\n\n\n\n<div class=\"wp-block-post-excerpt\"><p class=\"wp-block-post-excerpt__excerpt\">Por Prof. Dr. J\u00falio C\u00e9sar Medeiros da Silva Pereira Quando escrevi \u00c0 Flor da Terra, eu n\u00e3o imaginava que aquele trabalho \u2014 nascido de uma pesquisa de mestrado, orientada pelo professor Jos\u00e9 Murilo de Carvalho, na Universidade Federal do Rio de Janeiro \u2014 se tornaria parte da mem\u00f3ria p\u00fablica da cidade. O livro nasceu de&hellip; <\/p><\/div>\n\n\n<hr class=\"wp-block-separator has-css-opacity\" \/>\n\n\n<div class=\"wp-block-post-date\"><time datetime=\"2025-10-07T23:44:05-03:00\">7 de outubro de 2025<\/time><\/div>\n<\/li><\/ul><\/div>\n","protected":false},"excerpt":{"rendered":"<p>Em dezembro de 2025, participei como integrante da delega\u00e7\u00e3o brasileira oficialmente convidada do 9\u00ba Congresso Pan-Africano, realizado em Lom\u00e9, na Rep\u00fablica do Togo. O evento, organizado sob a \u00e9gide da Uni\u00e3o Africana e com apoio do Governo togol\u00eas, reuniu lideran\u00e7as pol\u00edticas, pesquisadores e intelectuais para debater a renova\u00e7\u00e3o do pan-africanismo e o futuro das institui\u00e7\u00f5es multilaterais. Neste relat\u00f3rio sistematizo os principais debates, suas implica\u00e7\u00f5es te\u00f3ricas e metodol\u00f3gicas, e o significado dessa miss\u00e3o para a produ\u00e7\u00e3o acad\u00eamica e as rela\u00e7\u00f5es internacionais no campo da Hist\u00f3ria, das Rela\u00e7\u00f5es \u00c9tnico-Raciais e da Sa\u00fade Global.<\/p>\n","protected":false},"author":209,"featured_media":907,"comment_status":"closed","ping_status":"closed","sticky":false,"template":"","format":"standard","meta":{"_exactmetrics_skip_tracking":false,"_exactmetrics_sitenote_active":false,"_exactmetrics_sitenote_note":"","_exactmetrics_sitenote_category":0,"footnotes":""},"categories":[22,369,21,479,392,383,23,1],"tags":[172,142,456,466,461,127,477,462,460,457,468,459,476,422,465,455,472,464,473,471,467,388,458,474,469,470,478,475,112,463],"class_list":["post-906","post","type-post","status-publish","format-standard","has-post-thumbnail","hentry","category-escravidao-historia","category-interdisciplinaridade","category-negritude-historia","category-pan-africanismo","category-pequena-africa","category-pretos-novos","category-racismo-historia","category-sem-categoria","tag-africa-2","tag-colonialismo","tag-congresso-pan-africano","tag-cooperacao-internacional","tag-descolonizacao-do-conhecimento","tag-diaspora-africana","tag-diaspora-afrodescendente","tag-estudos-africanos","tag-historia-contemporanea","tag-historia-da-africa-2","tag-internacionalizacao","tag-justica-reparatoria","tag-lome","tag-memoria-da-escravidao","tag-missao-academica","tag-pan-africanismo","tag-patrimonio-cultural","tag-pesquisa-academica","tag-politicas-de-memoria","tag-pos-colonialismo","tag-producao-cientifica","tag-racismo-estrutural","tag-relacoes-etnico-raciais","tag-relacoes-internacionais","tag-saude-global","tag-seguranca-alimentar","tag-sul-global","tag-togo","tag-uff","tag-universidade-federal-fluminense"],"_links":{"self":[{"href":"https:\/\/www.professores.uff.br\/juliocesarmedeiros\/wp-json\/wp\/v2\/posts\/906","targetHints":{"allow":["GET"]}}],"collection":[{"href":"https:\/\/www.professores.uff.br\/juliocesarmedeiros\/wp-json\/wp\/v2\/posts"}],"about":[{"href":"https:\/\/www.professores.uff.br\/juliocesarmedeiros\/wp-json\/wp\/v2\/types\/post"}],"author":[{"embeddable":true,"href":"https:\/\/www.professores.uff.br\/juliocesarmedeiros\/wp-json\/wp\/v2\/users\/209"}],"replies":[{"embeddable":true,"href":"https:\/\/www.professores.uff.br\/juliocesarmedeiros\/wp-json\/wp\/v2\/comments?post=906"}],"version-history":[{"count":3,"href":"https:\/\/www.professores.uff.br\/juliocesarmedeiros\/wp-json\/wp\/v2\/posts\/906\/revisions"}],"predecessor-version":[{"id":912,"href":"https:\/\/www.professores.uff.br\/juliocesarmedeiros\/wp-json\/wp\/v2\/posts\/906\/revisions\/912"}],"wp:featuredmedia":[{"embeddable":true,"href":"https:\/\/www.professores.uff.br\/juliocesarmedeiros\/wp-json\/wp\/v2\/media\/907"}],"wp:attachment":[{"href":"https:\/\/www.professores.uff.br\/juliocesarmedeiros\/wp-json\/wp\/v2\/media?parent=906"}],"wp:term":[{"taxonomy":"category","embeddable":true,"href":"https:\/\/www.professores.uff.br\/juliocesarmedeiros\/wp-json\/wp\/v2\/categories?post=906"},{"taxonomy":"post_tag","embeddable":true,"href":"https:\/\/www.professores.uff.br\/juliocesarmedeiros\/wp-json\/wp\/v2\/tags?post=906"}],"curies":[{"name":"wp","href":"https:\/\/api.w.org\/{rel}","templated":true}]}}