{"id":588,"date":"2019-09-19T12:15:57","date_gmt":"2019-09-19T15:15:57","guid":{"rendered":"http:\/\/www.professores.uff.br\/kocsard\/?p=588"},"modified":"2020-09-03T10:44:58","modified_gmt":"2020-09-03T13:44:58","slug":"sextas-na-pos-e-apos","status":"publish","type":"post","link":"https:\/\/www.professores.uff.br\/kocsard\/2019\/09\/19\/sextas-na-pos-e-apos\/","title":{"rendered":"Sextas na P\u00f3s&#8230; e Ap\u00f3s"},"content":{"rendered":"\n<p>Este novo Col\u00f3quio da <a rel=\"noreferrer noopener\" aria-label=\"P\u00f3s-Gradua\u00e7\u00e3o em Matem\u00e1tica (opens in a new tab)\" href=\"http:\/\/www.pgmat.uff.br\/\" target=\"_blank\">P\u00f3s-Gradua\u00e7\u00e3o em Matem\u00e1tica<\/a> tem como objetivo fundamental difundir a Matem\u00e1tica que vem sendo desenvolvida pelos professores do <a rel=\"noreferrer noopener\" aria-label=\"Instituto de Matem\u00e1tica e Estat\u00edstica (opens in a new tab)\" href=\"http:\/\/www.ime.uff.br\/\" target=\"_blank\">Instituto de Matem\u00e1tica e Estat\u00edstica<\/a> da <a rel=\"noreferrer noopener\" aria-label=\"UFF (opens in a new tab)\" href=\"http:\/\/www.uff.br\/\" target=\"_blank\">UFF<\/a>, fundamentalmente por aqueles que trabalham e colaboram com a P\u00f3s.<\/p>\n\n\n\n<p>A ideia \u00e9 organizar duas se\u00e7\u00f5es por semestre, com um \u00fanica palestra por edi\u00e7\u00e3o, com um rico conte\u00fado matem\u00e1tico, mas que seja acess\u00edvel aos colegas que n\u00e3o s\u00e3o necessariamente especialistas nessa \u00e1rea espec\u00edfica.<\/p>\n\n\n\n<h2 class=\"wp-block-heading\">Pr\u00f3xima edi\u00e7\u00e3o<\/h2>\n\n\n\n<p>Come\u00e7os do semestre 2020.1<\/p>\n\n\n\n<p><\/p>\n\n\n\n<h3 class=\"wp-block-heading\">Edi\u00e7\u00f5es passadas<\/h3>\n\n\n\n<h4 class=\"wp-block-heading\">2\u00ba Edi\u00e7\u00e3o<\/h4>\n\n\n\n<ul class=\"wp-block-list\"><li><strong>Palestrante:<\/strong> Marco Pacini (<a rel=\"noreferrer noopener\" href=\"http:\/\/gma.uff.br\/\" target=\"_blank\">GMA<\/a>)<\/li><li><strong>T\u00edtulo:<\/strong> Sobre o mapa de Abel universal (<a rel=\"noreferrer noopener\" href=\"http:\/\/www.professores.uff.br\/kocsard\/wp-content\/uploads\/sites\/8\/2019\/11\/coloquio-02.pdf\" target=\"_blank\">resumo<\/a>)<\/li><li><strong>Data:<\/strong> 13 de dezembro de 2020, \u00e0s <strong>11:30.<\/strong><\/li><li><strong>Local:<\/strong> Sala 407, Bloco H, Campus de Gragoat\u00e1.<\/li><\/ul>\n\n\n\n<h4 class=\"wp-block-heading\">1\u00ba Edi\u00e7\u00e3o<\/h4>\n\n\n\n<ul class=\"wp-block-list\"><li><strong>Palestrante:<\/strong> <a rel=\"noreferrer noopener\" aria-label=\"Gon\u00e7alo Oliveira (opens in a new tab)\" href=\"http:\/\/w3.impa.br\/~goliveira\/\" target=\"_blank\">Gon\u00e7alo Oliveira<\/a> (<a rel=\"noreferrer noopener\" aria-label=\"GMA (opens in a new tab)\" href=\"http:\/\/gma.uff.br\/\" target=\"_blank\">GMA<\/a>)<\/li><li><strong>T\u00edtulo:<\/strong> Monop\u00f3los (<a rel=\"noreferrer noopener\" aria-label=\" (opens in a new tab)\" href=\"http:\/\/www.professores.uff.br\/kocsard\/wp-content\/uploads\/sites\/8\/2019\/09\/coloquio-01.pdf\" target=\"_blank\">resumo<\/a>)<\/li><li><strong>Data:<\/strong> 20 de setembro \u00e0s 16:00<\/li><li><strong>Local:<\/strong> Sala 407, Bloco H, Campus de Gragoat\u00e1.<br><\/li><\/ul>\n","protected":false},"excerpt":{"rendered":"<p>Este novo Col\u00f3quio da P\u00f3s-Gradua\u00e7\u00e3o em Matem\u00e1tica tem como objetivo fundamental difundir a Matem\u00e1tica que vem sendo desenvolvida pelos professores do Instituto de Matem\u00e1tica e Estat\u00edstica da UFF, fundamentalmente por aqueles que trabalham e colaboram com a P\u00f3s. A ideia \u00e9 organizar duas se\u00e7\u00f5es por semestre, com um \u00fanica palestra por edi\u00e7\u00e3o, com um rico [&hellip;]<\/p>\n","protected":false},"author":10,"featured_media":0,"comment_status":"closed","ping_status":"closed","sticky":false,"template":"","format":"standard","meta":{"_exactmetrics_skip_tracking":false,"_exactmetrics_sitenote_active":false,"_exactmetrics_sitenote_note":"","_exactmetrics_sitenote_category":0,"footnotes":""},"categories":[1],"tags":[9],"class_list":["post-588","post","type-post","status-publish","format-standard","hentry","category-sem-categoria","tag-seminarios"],"_links":{"self":[{"href":"https:\/\/www.professores.uff.br\/kocsard\/wp-json\/wp\/v2\/posts\/588","targetHints":{"allow":["GET"]}}],"collection":[{"href":"https:\/\/www.professores.uff.br\/kocsard\/wp-json\/wp\/v2\/posts"}],"about":[{"href":"https:\/\/www.professores.uff.br\/kocsard\/wp-json\/wp\/v2\/types\/post"}],"author":[{"embeddable":true,"href":"https:\/\/www.professores.uff.br\/kocsard\/wp-json\/wp\/v2\/users\/10"}],"replies":[{"embeddable":true,"href":"https:\/\/www.professores.uff.br\/kocsard\/wp-json\/wp\/v2\/comments?post=588"}],"version-history":[{"count":16,"href":"https:\/\/www.professores.uff.br\/kocsard\/wp-json\/wp\/v2\/posts\/588\/revisions"}],"predecessor-version":[{"id":620,"href":"https:\/\/www.professores.uff.br\/kocsard\/wp-json\/wp\/v2\/posts\/588\/revisions\/620"}],"wp:attachment":[{"href":"https:\/\/www.professores.uff.br\/kocsard\/wp-json\/wp\/v2\/media?parent=588"}],"wp:term":[{"taxonomy":"category","embeddable":true,"href":"https:\/\/www.professores.uff.br\/kocsard\/wp-json\/wp\/v2\/categories?post=588"},{"taxonomy":"post_tag","embeddable":true,"href":"https:\/\/www.professores.uff.br\/kocsard\/wp-json\/wp\/v2\/tags?post=588"}],"curies":[{"name":"wp","href":"https:\/\/api.w.org\/{rel}","templated":true}]}}