{"id":110,"date":"2018-03-21T00:35:47","date_gmt":"2018-03-21T03:35:47","guid":{"rendered":"http:\/\/www.professores.uff.br\/ricardobasbaum\/?p=110"},"modified":"2020-09-02T12:20:53","modified_gmt":"2020-09-02T15:20:53","slug":"seminario-de-pos-graduacao-entre-arte-e-ativismo-ii-pos-iluminismo-liberalismo-tardio-e-as-estrategias-de-enfrentamento-dos-modos-outros-de-viver-2018-1","status":"publish","type":"post","link":"https:\/\/www.professores.uff.br\/ricardobasbaum\/?p=110","title":{"rendered":"Semin\u00e1rio de P\u00f3s-Gradua\u00e7\u00e3o: Entre arte e ativismo II. P\u00f3s-iluminismo, liberalismo tardio e as estrat\u00e9gias de enfrentamento dos modos outros de viver (2018.1)"},"content":{"rendered":"<pre><a href=\"https:\/\/joaocamillopenna.wordpress.com\/2018\/03\/21\/seminario-de-pos-graduacao-entre-arte-e-ativismo-ii-pos-iluminismo-liberalismo-tardio-e-as-estrategias-de-enfrentamento-dos-modos-outros-de-viver-2018-1\/\" target=\"_blank\" rel=\"noopener noreferrer\">programa e bibliografia<\/a><\/pre>\n","protected":false},"excerpt":{"rendered":"<p>programa e bibliografia<\/p>\n","protected":false},"author":172,"featured_media":0,"comment_status":"closed","ping_status":"closed","sticky":false,"template":"","format":"standard","meta":{"_exactmetrics_skip_tracking":false,"_exactmetrics_sitenote_active":false,"_exactmetrics_sitenote_note":"","_exactmetrics_sitenote_category":0,"footnotes":""},"categories":[1],"tags":[],"class_list":["post-110","post","type-post","status-publish","format-standard","hentry","category-sem-categoria"],"_links":{"self":[{"href":"https:\/\/www.professores.uff.br\/ricardobasbaum\/index.php?rest_route=\/wp\/v2\/posts\/110","targetHints":{"allow":["GET"]}}],"collection":[{"href":"https:\/\/www.professores.uff.br\/ricardobasbaum\/index.php?rest_route=\/wp\/v2\/posts"}],"about":[{"href":"https:\/\/www.professores.uff.br\/ricardobasbaum\/index.php?rest_route=\/wp\/v2\/types\/post"}],"author":[{"embeddable":true,"href":"https:\/\/www.professores.uff.br\/ricardobasbaum\/index.php?rest_route=\/wp\/v2\/users\/172"}],"replies":[{"embeddable":true,"href":"https:\/\/www.professores.uff.br\/ricardobasbaum\/index.php?rest_route=%2Fwp%2Fv2%2Fcomments&post=110"}],"version-history":[{"count":1,"href":"https:\/\/www.professores.uff.br\/ricardobasbaum\/index.php?rest_route=\/wp\/v2\/posts\/110\/revisions"}],"predecessor-version":[{"id":111,"href":"https:\/\/www.professores.uff.br\/ricardobasbaum\/index.php?rest_route=\/wp\/v2\/posts\/110\/revisions\/111"}],"wp:attachment":[{"href":"https:\/\/www.professores.uff.br\/ricardobasbaum\/index.php?rest_route=%2Fwp%2Fv2%2Fmedia&parent=110"}],"wp:term":[{"taxonomy":"category","embeddable":true,"href":"https:\/\/www.professores.uff.br\/ricardobasbaum\/index.php?rest_route=%2Fwp%2Fv2%2Fcategories&post=110"},{"taxonomy":"post_tag","embeddable":true,"href":"https:\/\/www.professores.uff.br\/ricardobasbaum\/index.php?rest_route=%2Fwp%2Fv2%2Ftags&post=110"}],"curies":[{"name":"wp","href":"https:\/\/api.w.org\/{rel}","templated":true}]}}