{"id":127,"date":"2018-08-20T02:17:45","date_gmt":"2018-08-20T05:17:45","guid":{"rendered":"http:\/\/www.professores.uff.br\/ricardobasbaum\/?p=127"},"modified":"2025-03-17T17:16:24","modified_gmt":"2025-03-17T20:16:24","slug":"teoria-da-arte-20182","status":"publish","type":"post","link":"https:\/\/www.professores.uff.br\/ricardobasbaum\/?p=127","title":{"rendered":"Teoria da Arte"},"content":{"rendered":"<pre>Basbaum, Ricardo. \"Migra\u00e7\u00e3o das palavras para a imagem\"\nFlusser, Vil\u00e9m. \"Texto\/imagem enquanto din\u00e2mica do Ocidente\"\nGumbrecht, Hans Ulrich. \"Cascatas de modernidade\"\nKilomba, Grada. \"Descolonizando o conhecimento\"\nKrauss, Rosalind. \"A escultura no campo ampliado\"\nMerleau-Ponty, Maurice. \"A d\u00favida de C\u00e9zanne\"<\/pre>\n","protected":false},"excerpt":{"rendered":"<p>Basbaum, Ricardo. &#8220;Migra\u00e7\u00e3o das palavras para a imagem&#8221; Flusser, Vil\u00e9m. &#8220;Texto\/imagem enquanto din\u00e2mica do Ocidente&#8221; Gumbrecht, Hans Ulrich. &#8220;Cascatas de modernidade&#8221; Kilomba, Grada. &#8220;Descolonizando o conhecimento&#8221; Krauss, Rosalind. &#8220;A escultura no campo ampliado&#8221; Merleau-Ponty, Maurice. &#8220;A d\u00favida de C\u00e9zanne&#8221;<\/p>\n","protected":false},"author":172,"featured_media":0,"comment_status":"closed","ping_status":"closed","sticky":false,"template":"","format":"standard","meta":{"_exactmetrics_skip_tracking":false,"_exactmetrics_sitenote_active":false,"_exactmetrics_sitenote_note":"","_exactmetrics_sitenote_category":0,"footnotes":""},"categories":[1],"tags":[],"class_list":["post-127","post","type-post","status-publish","format-standard","hentry","category-sem-categoria"],"_links":{"self":[{"href":"https:\/\/www.professores.uff.br\/ricardobasbaum\/index.php?rest_route=\/wp\/v2\/posts\/127","targetHints":{"allow":["GET"]}}],"collection":[{"href":"https:\/\/www.professores.uff.br\/ricardobasbaum\/index.php?rest_route=\/wp\/v2\/posts"}],"about":[{"href":"https:\/\/www.professores.uff.br\/ricardobasbaum\/index.php?rest_route=\/wp\/v2\/types\/post"}],"author":[{"embeddable":true,"href":"https:\/\/www.professores.uff.br\/ricardobasbaum\/index.php?rest_route=\/wp\/v2\/users\/172"}],"replies":[{"embeddable":true,"href":"https:\/\/www.professores.uff.br\/ricardobasbaum\/index.php?rest_route=%2Fwp%2Fv2%2Fcomments&post=127"}],"version-history":[{"count":22,"href":"https:\/\/www.professores.uff.br\/ricardobasbaum\/index.php?rest_route=\/wp\/v2\/posts\/127\/revisions"}],"predecessor-version":[{"id":859,"href":"https:\/\/www.professores.uff.br\/ricardobasbaum\/index.php?rest_route=\/wp\/v2\/posts\/127\/revisions\/859"}],"wp:attachment":[{"href":"https:\/\/www.professores.uff.br\/ricardobasbaum\/index.php?rest_route=%2Fwp%2Fv2%2Fmedia&parent=127"}],"wp:term":[{"taxonomy":"category","embeddable":true,"href":"https:\/\/www.professores.uff.br\/ricardobasbaum\/index.php?rest_route=%2Fwp%2Fv2%2Fcategories&post=127"},{"taxonomy":"post_tag","embeddable":true,"href":"https:\/\/www.professores.uff.br\/ricardobasbaum\/index.php?rest_route=%2Fwp%2Fv2%2Ftags&post=127"}],"curies":[{"name":"wp","href":"https:\/\/api.w.org\/{rel}","templated":true}]}}