{"id":323,"date":"2019-12-14T14:55:35","date_gmt":"2019-12-14T17:55:35","guid":{"rendered":"http:\/\/www.professores.uff.br\/ricardobasbaum\/?p=323"},"modified":"2020-09-02T12:20:53","modified_gmt":"2020-09-02T15:20:53","slug":"corra-ate-cansar-vista-o-livro","status":"publish","type":"post","link":"https:\/\/www.professores.uff.br\/ricardobasbaum\/?p=323","title":{"rendered":"corra at\u00e9 cansar &#8211; vista o livro"},"content":{"rendered":"\n<p>baixe <a href=\"http:\/\/www.professores.uff.br\/ricardobasbaum\/wp-content\/uploads\/sites\/164\/2019\/12\/livro_Final.pdf\" target=\"_blank\" rel=\"noreferrer noopener\" aria-label=\"aqui (abre numa nova aba)\">aqui<\/a> (PDF) 5,3 MB<\/p>\n\n\n\n<p>Organiza\u00e7\u00e3o de Ricardo Basbaum<\/p>\n\n\n\n<p>Contribui\u00e7\u00f5es de<br> AMAURI &#8211; ANA SCHIECK &#8211; CARLA SANTANA &#8211; CARLOS GABRIEL &#8211; GABRIELA ABREU &#8211; GABRIELA CANOSSA &#8211; GABRIELLE DOS SANTOS &#8211; GIOVANA ESTEVES &#8211; GUILHERME TARINI &#8211; HOBERON &#8211; ISA MACHADO &#8211; ISABELA ESTELLITA &#8211; ISABELA MENDON\u00c7A &#8211; LUCAS MATTOS &#8211; MAYRA CARVALHO &#8211; NEIVA &#8211; THUANY AMORIM &#8211; VICT\u00d3RIA (MARICE) &#8211; YONE LIMA &#8211; ZEX<\/p>\n\n\n\n<p>instru\u00e7\u00f5es performativas<\/p>\n\n\n\n<p>Neste livro iremos encontrar um variado conjunto de instru\u00e7\u00f5es performativas. Como se sabe, trabalhar a\u00e7\u00f5es a partir de processos lingu\u00edsticos \u00e9 um procedimento explorado pelas diversas vertentes experimentalistas da arte contempor\u00e2nea, desde a segunda metade do S\u00e9culo XX: a partir de frases breves, de sentido compacto, refor\u00e7ando-se mutuamente em r\u00e1pida sequ\u00eancia, prenuncia-se uma a\u00e7\u00e3o qualquer, que pode se desdobrar potencialmente em m\u00faltiplas dire\u00e7\u00f5es. <\/p>\n\n\n\n<p>Se h\u00e1 indica\u00e7\u00e3o de que uma performance pode ser realizada, o gesto pode ser apenas musical ou de \u00eanfase coreogr\u00e1fica; ou, ainda, na dire\u00e7\u00e3o de uma determina\u00e7\u00e3o objetual ou escult\u00f3rica, gr\u00e1fica ou imag\u00e9tica. N\u00e3o importa para onde se aponte, o que \u00e9 decisivo desta modalidade de a\u00e7\u00e3o \u00e9 a presen\u00e7a da linguagem como primeira camada de contato, em seu potencial de deflagra\u00e7\u00e3o de efeitos: assim, \u00e9 para x leitorx que afinal cada texto se dirige \u2013 pois aqui a leitura se torna um gesto forte, que coloca em movimento uma pot\u00eancia de possibilidades. Ler j\u00e1 \u00e9 agir, ativar, intervir, deslocando-se de imediato para al\u00e9m do senso comum, em dire\u00e7\u00e3o ao territ\u00f3rio dos desvios experimentais \u2013 pode-se trope\u00e7ar em cada v\u00edrgula, deslizar por voc\u00e1bulos em redund\u00e2ncia, espa\u00e7os vazios, interrup\u00e7\u00f5es, etc; trata-se de uma leitura conduzida atrav\u00e9s das materialidades que a linguagem oferece.<\/p>\n\n\n\n<p>Este \u00e9 um livro para ser compartihado \u2013 em qualquer lugar e em qualquer momento: de acordo com as modalidades de a\u00e7\u00e3o colocadas em funcionamento pelos seus potenciais leitores, seus textos se atualizar\u00e3o na vertigem do tempo presente. A leitura destas p\u00e1ginas jamais ser\u00e1 silenciosa\u2026!<\/p>\n\n\n\n<p>Os textos aqui veiculados foram produzidos por jovens artistas em processo de forma\u00e7\u00e3o no Curso de Artes da Universidade Federal Fluminense, dentro da disciplina Conforma\u00e7\u00f5es Atrav\u00e9s dos Meios Pl\u00e1sticos, no primeiro semestre de 2019. (Ricardo Basbaum)<\/p>\n","protected":false},"excerpt":{"rendered":"<p>baixe aqui (PDF) 5,3 MB Organiza\u00e7\u00e3o de Ricardo Basbaum Contribui\u00e7\u00f5es de AMAURI &#8211; ANA SCHIECK &#8211; CARLA SANTANA &#8211; CARLOS GABRIEL &#8211; GABRIELA ABREU &#8211; GABRIELA CANOSSA &#8211; GABRIELLE DOS SANTOS &#8211; GIOVANA ESTEVES &#8211; GUILHERME TARINI &#8211; HOBERON &#8211; ISA MACHADO &#8211; ISABELA ESTELLITA &#8211; ISABELA MENDON\u00c7A &#8211; LUCAS MATTOS &#8211; MAYRA CARVALHO &#8211; [&hellip;]<\/p>\n","protected":false},"author":172,"featured_media":0,"comment_status":"closed","ping_status":"closed","sticky":false,"template":"","format":"standard","meta":{"_exactmetrics_skip_tracking":false,"_exactmetrics_sitenote_active":false,"_exactmetrics_sitenote_note":"","_exactmetrics_sitenote_category":0,"footnotes":""},"categories":[1],"tags":[],"class_list":["post-323","post","type-post","status-publish","format-standard","hentry","category-sem-categoria"],"_links":{"self":[{"href":"https:\/\/www.professores.uff.br\/ricardobasbaum\/index.php?rest_route=\/wp\/v2\/posts\/323","targetHints":{"allow":["GET"]}}],"collection":[{"href":"https:\/\/www.professores.uff.br\/ricardobasbaum\/index.php?rest_route=\/wp\/v2\/posts"}],"about":[{"href":"https:\/\/www.professores.uff.br\/ricardobasbaum\/index.php?rest_route=\/wp\/v2\/types\/post"}],"author":[{"embeddable":true,"href":"https:\/\/www.professores.uff.br\/ricardobasbaum\/index.php?rest_route=\/wp\/v2\/users\/172"}],"replies":[{"embeddable":true,"href":"https:\/\/www.professores.uff.br\/ricardobasbaum\/index.php?rest_route=%2Fwp%2Fv2%2Fcomments&post=323"}],"version-history":[{"count":1,"href":"https:\/\/www.professores.uff.br\/ricardobasbaum\/index.php?rest_route=\/wp\/v2\/posts\/323\/revisions"}],"predecessor-version":[{"id":324,"href":"https:\/\/www.professores.uff.br\/ricardobasbaum\/index.php?rest_route=\/wp\/v2\/posts\/323\/revisions\/324"}],"wp:attachment":[{"href":"https:\/\/www.professores.uff.br\/ricardobasbaum\/index.php?rest_route=%2Fwp%2Fv2%2Fmedia&parent=323"}],"wp:term":[{"taxonomy":"category","embeddable":true,"href":"https:\/\/www.professores.uff.br\/ricardobasbaum\/index.php?rest_route=%2Fwp%2Fv2%2Fcategories&post=323"},{"taxonomy":"post_tag","embeddable":true,"href":"https:\/\/www.professores.uff.br\/ricardobasbaum\/index.php?rest_route=%2Fwp%2Fv2%2Ftags&post=323"}],"curies":[{"name":"wp","href":"https:\/\/api.w.org\/{rel}","templated":true}]}}