{"id":513,"date":"2020-10-19T21:22:41","date_gmt":"2020-10-20T00:22:41","guid":{"rendered":"http:\/\/www.professores.uff.br\/ricardobasbaum\/?p=513"},"modified":"2025-03-17T17:25:03","modified_gmt":"2025-03-17T20:25:03","slug":"metodologia-transdisciplinar-nos-estudos-contemporaneos-das-artes-pos-graduacao-2020-2","status":"publish","type":"post","link":"https:\/\/www.professores.uff.br\/ricardobasbaum\/?p=513","title":{"rendered":"Metodologia Transdisciplinar nos Estudos Contempor\u00e2neos das Artes (P\u00f3s-Gradua\u00e7\u00e3o 2020\/2)"},"content":{"rendered":"\n<p>Profs. Jorge Vasconcellos, Martha Ribeiro, Ricardo Basbaum<\/p>\n\n\n\n<p>Linhas de Pesquisa: Corpo &#8211; Cena &#8211; Cr\u00edtica da Representa\u00e7\u00e3o \/ Experi\u00eancia \u2013 Conceito \u2013 Sonoridades \/ Lugar \u2013 Pol\u00edtica \u2013 Institucionalidades<\/p>\n\n\n\n<p>quartas-feiras 14:00 \u00e0s 18:00<\/p>\n\n\n\n<p><strong>EMENTA da DISCIPLINA: <\/strong><br> A disciplina consiste na discuss\u00e3o de quest\u00f5es metodol\u00f3gicas em busca do delineamento rigoroso da posi\u00e7\u00e3o transdisciplinar, entendida como tr\u00e2nsito entre disciplinas e pr\u00e1ticas distintas, respeitando suas singularidades, mas estimulando como inevit\u00e1vel a realiza\u00e7\u00e3o de trajetos transversais entre elas. Ser\u00e1 explorada a conson\u00e2ncia de tal posi\u00e7\u00e3o metodol\u00f3gica com a produ\u00e7\u00e3o contempor\u00e2nea em artes, que p\u00f5e em quest\u00e3o o pr\u00f3prio estatuto epistemol\u00f3gico das disciplinas que comp\u00f5em seu campo, rearticulando as condi\u00e7\u00f5es de produ\u00e7\u00e3o de saber e de a\u00e7\u00e3o na cultura de modo a instabiliz\u00e1-las e a redesenhar suas estruturas conceituais e t\u00e9cnicas. Ser\u00e1 estimulada, na discuss\u00e3o dos projetos de investiga\u00e7\u00e3o dos alunos, a fric\u00e7\u00e3o entre pensamento e a\u00e7\u00e3o sens\u00edvel, imagem, objeto e conceito, interven\u00e7\u00f5es na p\u00f3lis e reflex\u00e3o sobre sujeito, experi\u00eancia e presen\u00e7a.<\/p>\n\n\n\n<p><strong>EMENTA do CURSO: <\/strong><br> A partir das fric\u00e7\u00f5es apontadas na ementa, transversalmente relacionadas aos projetos de investiga\u00e7\u00e3o de todxs xs p\u00f3s-graduandxs, o curso parte de quatro palavras-problema \u2013 \u201ctransdisciplinaridade\u201d, \u201ctransversalidade\u201d, \u201cartes\u201d e \u201catualidade\u201d &#8211; como metodologia para uma produ\u00e7\u00e3o experimental, desviante e inventiva das artes que seja a um s\u00f3 tempo: perif\u00e9rica e central, de sul a sul; consciente da realidade e produtora de novas subjetividades; atenta \u00e0s sensibilidades comunit\u00e1rias, instituintes e desmaterializantes e \u00e0s pol\u00edticas de arquivo; capaz de ultrapassar o sistema de pensamento hegem\u00f4nico euroc\u00eantrico e desafiar o heterocispatriarcado; al\u00e9m de se colocar radicalmente como antifascista, antirracista e anticapitalista.<\/p>\n\n\n\n<p><strong>Bibliografia inicial:<\/strong><\/p>\n\n\n\n<p>BADIOU, Alain. &#8220;Anedota&#8221;. <em>Em busca do real perdido<\/em>. Belo Horizonte: Aut\u00eantica editora, 2017.<\/p>\n\n\n\n<p>CUSICANQUI, Silvia.&nbsp;&#8220;Oralidad, Mirada y Mem\u00f3rias del Cuerpo en Los Andes&#8221;. <em>Un mundo ch\u2019ixi es posible. Ensayos desde un presente en crisis<\/em>. Ciudad Aut\u00f3noma de Buenos Aires, tinta Lim\u00f3n , 2018.<\/p>\n\n\n\n<p>EASTERLING, Keller. \u201cDesign de meios\u201d. <em>Cole\u00e7\u00e3o TRAMA<\/em>, Zazie Edi\u00e7\u00f5es, 2018.<\/p>\n\n\n\n<p>GUATTARI, F\u00e9lix. &#8220;Fundamentos \u00e9tico-pol\u00edticos da interdisciplinaridade&#8221;. s\/d<\/p>\n\n\n\n<p>HARAWAY, Donna.&#8221;Saberes localizados: a quest\u00e3o da ci\u00eancia para o feminismo e o privil\u00e9gio da perspectiva parcial&#8221;. <em>cadernos pagu<\/em> (5) 1995: pp. 07-41.<\/p>\n\n\n\n<p>LARROSA, Jorge.&nbsp;&#8220;Uma&nbsp;L\u00edngua&nbsp;para a Conversa\u00e7\u00e3o&#8221;. <em>Tremores: Escritos sobre Experi\u00eancia<\/em>.&nbsp;Belo Horizonte, Aut\u00eantica, 2014.&nbsp;<\/p>\n\n\n\n<p>MOTEN, Fred. &#8220;A Resist\u00eancia do Objeto: O Grito de Tia Hester&#8221;. Dossi\u00ea A M\u00fasica e suas Determina\u00e7\u00f5es Materiais, <em>Revista ECO-P\u00d3S<\/em>, v. 23, n. 1, 2020.<\/p>\n\n\n\n<p>OSBORNE, Peter. \u201cArte contempor\u00e2nea \u00e9 arte p\u00f3s-conceitual\u201d. <em>Revista Poi\u00e9sis<\/em>, n 27, p. 39-54, Julho de 2016.<\/p>\n\n\n\n<p>REED, Patricia. \u201cXenofilia e desnaturaliza\u00e7\u00e3o computacional\u201d. <em>Cole\u00e7\u00e3o TRAMA<\/em>, Zazie Edi\u00e7\u00f5es, 2018.<\/p>\n\n\n\n<p><strong>Programa:<\/strong><\/p>\n\n\n\n<p><strong>aula 21\/10<\/strong><\/p>\n\n\n\n<p>apresenta\u00e7\u00e3o do curso<\/p>\n\n\n\n<p><strong>aulas 28\/10 e 4\/11<\/strong><\/p>\n\n\n\n<p>textos de F\u00e9lix Guattari, Alain Badiou, Peter Osborne<\/p>\n\n\n\n<p><strong>aulas 11\/11 e 18\/11<\/strong><\/p>\n\n\n\n<p>textos de Donna Haraway, Jorge Larrosa, Keller Easterling<\/p>\n\n\n\n<p><strong>aulas 25\/11 e 2\/12<\/strong><\/p>\n\n\n\n<p>textos de Fred Moten, Silvia Cusicanqui, Patricia Reed<\/p>\n\n\n\n<p><strong>aulas 9\/12 e 16\/12<\/strong><\/p>\n\n\n\n<p>apresenta\u00e7\u00f5es dos alunos<\/p>\n\n\n\n<p><\/p>\n","protected":false},"excerpt":{"rendered":"<p>Profs. Jorge Vasconcellos, Martha Ribeiro, Ricardo Basbaum Linhas de Pesquisa: Corpo &#8211; Cena &#8211; Cr\u00edtica da Representa\u00e7\u00e3o \/ Experi\u00eancia \u2013 Conceito \u2013 Sonoridades \/ Lugar \u2013 Pol\u00edtica \u2013 Institucionalidades quartas-feiras 14:00 \u00e0s 18:00 EMENTA da DISCIPLINA: A disciplina consiste na discuss\u00e3o de quest\u00f5es metodol\u00f3gicas em busca do delineamento rigoroso da posi\u00e7\u00e3o transdisciplinar, entendida como tr\u00e2nsito [&hellip;]<\/p>\n","protected":false},"author":172,"featured_media":0,"comment_status":"closed","ping_status":"closed","sticky":false,"template":"","format":"standard","meta":{"_exactmetrics_skip_tracking":false,"_exactmetrics_sitenote_active":false,"_exactmetrics_sitenote_note":"","_exactmetrics_sitenote_category":0,"footnotes":""},"categories":[1],"tags":[],"class_list":["post-513","post","type-post","status-publish","format-standard","hentry","category-sem-categoria"],"_links":{"self":[{"href":"https:\/\/www.professores.uff.br\/ricardobasbaum\/index.php?rest_route=\/wp\/v2\/posts\/513","targetHints":{"allow":["GET"]}}],"collection":[{"href":"https:\/\/www.professores.uff.br\/ricardobasbaum\/index.php?rest_route=\/wp\/v2\/posts"}],"about":[{"href":"https:\/\/www.professores.uff.br\/ricardobasbaum\/index.php?rest_route=\/wp\/v2\/types\/post"}],"author":[{"embeddable":true,"href":"https:\/\/www.professores.uff.br\/ricardobasbaum\/index.php?rest_route=\/wp\/v2\/users\/172"}],"replies":[{"embeddable":true,"href":"https:\/\/www.professores.uff.br\/ricardobasbaum\/index.php?rest_route=%2Fwp%2Fv2%2Fcomments&post=513"}],"version-history":[{"count":16,"href":"https:\/\/www.professores.uff.br\/ricardobasbaum\/index.php?rest_route=\/wp\/v2\/posts\/513\/revisions"}],"predecessor-version":[{"id":863,"href":"https:\/\/www.professores.uff.br\/ricardobasbaum\/index.php?rest_route=\/wp\/v2\/posts\/513\/revisions\/863"}],"wp:attachment":[{"href":"https:\/\/www.professores.uff.br\/ricardobasbaum\/index.php?rest_route=%2Fwp%2Fv2%2Fmedia&parent=513"}],"wp:term":[{"taxonomy":"category","embeddable":true,"href":"https:\/\/www.professores.uff.br\/ricardobasbaum\/index.php?rest_route=%2Fwp%2Fv2%2Fcategories&post=513"},{"taxonomy":"post_tag","embeddable":true,"href":"https:\/\/www.professores.uff.br\/ricardobasbaum\/index.php?rest_route=%2Fwp%2Fv2%2Ftags&post=513"}],"curies":[{"name":"wp","href":"https:\/\/api.w.org\/{rel}","templated":true}]}}