{"id":537,"date":"2021-03-24T12:33:10","date_gmt":"2021-03-24T15:33:10","guid":{"rendered":"http:\/\/www.professores.uff.br\/ricardobasbaum\/?p=537"},"modified":"2025-03-17T17:26:50","modified_gmt":"2025-03-17T20:26:50","slug":"conceitualismo-pos-conceitualismo-e-formas-de-vida-pos-graduacao-2021-1","status":"publish","type":"post","link":"https:\/\/www.professores.uff.br\/ricardobasbaum\/?p=537","title":{"rendered":"Conceitualismo, p\u00f3s-conceitualismo e formas de vida (P\u00f3s-Gradua\u00e7\u00e3o 2021\/1)"},"content":{"rendered":"\n<p>Muito da for\u00e7a das vertentes conceitualistas (em sua deriva\u00e7\u00e3o e expans\u00e3o a partir das matrizes conceituais) decorre da investiga\u00e7\u00e3o de uma dimens\u00e3o al\u00e9m do sensorial, explorando as camadas de constru\u00e7\u00e3o da experi\u00eancia (considerando a centralidade da proposi\u00e7\u00e3o art\u00edstica) que se d\u00e3o, por exemplo, em territ\u00f3rio \u201cn\u00e3o-retiniano\u201d (Marcel Duchamp) e \u201cn\u00e3o-coclear\u201d (Seth Kim-Cohen): a partir destas refer\u00eancias, a obra de arte seria concebida principalmente a partir de sua dimens\u00e3o est\u00e9tico-epistemol\u00f3gica, seja em sua dimens\u00e3o propositivo-discursiva, seja na mobiliza\u00e7\u00e3o de exerc\u00edcios variados de metamodeliza\u00e7\u00e3o (Guattari) \u2013 em geral, a requerer a disponibilidade performativa de agentes ativadores para tornar efetiva a recep\u00e7\u00e3o do trabalho. Afinal, haveria como prescindir da interface com o humano, seguindo desdobramentos aut\u00f4nomos? H\u00e1 que se reconhecer a import\u00e2ncia dos eixos de investiga\u00e7\u00e3o referentes \u00e0 obra de arte, em seu investimento nas rela\u00e7\u00f5es com a linguagem, com a produ\u00e7\u00e3o de conceitos, na configura\u00e7\u00e3o de estados de emerg\u00eancia e em aten\u00e7\u00e3o com as regi\u00f5es de media\u00e7\u00e3o e contato.<\/p>\n\n\n\n<p>Iremos buscar, a partir de tais eixos, a converg\u00eancia dos interesses de produ\u00e7\u00e3o da obra com quest\u00f5es referentes \u00e0 produ\u00e7\u00e3o de formas de vida, ou seja, perceber como se entrela\u00e7am as rela\u00e7\u00f5es entre os estados viventes (al\u00e9m do org\u00e2nico), suas formas e modalidades, e a concep\u00e7\u00e3o do \u201cestatuto da obra de arte\u201d, em seus m\u00faltiplos caminhos, a partir de um esfor\u00e7o, individual-coletivo, de interven\u00e7\u00e3o em um estado de coisas. As aproxima\u00e7\u00f5es entre arte e biologia se dariam nos limites de exterioridade de ambos os campos, na regi\u00e3o do transdisciplinar, em que o pensamento que problematiza e desnaturaliza a \u201cvida\u201d se torna central para o campo contempor\u00e2neo.<\/p>\n\n\n\n<p>Este curso ir\u00e1 articular quest\u00f5es chave de um conceitualismo sensorial com problemas do campo da biologia, de modo a fazer com que a produ\u00e7\u00e3o da obra e a proposi\u00e7\u00e3o de formas de vida se tangenciem, a partir de certos eixos, trazidos como pontos de produ\u00e7\u00e3o de problemas \u2013 que, afinal, excedem ambos os campos mas os atravessam, enquanto regi\u00f5es limite da produ\u00e7\u00e3o de pensamento. A partir de tal din\u00e2mica, estariam configuradas as linhas de encontro da a\u00e7\u00e3o pol\u00edtica frente as urg\u00eancias da atualidade, onde o trabalho de arte \u00e9 ao mesmo tempo intrus\u00e3o po\u00e9tica e produ\u00e7\u00e3o de subjetividade coletiva.<\/p>\n\n\n\n<p>Ser\u00e3o discutidos, de modo aberto, entre outros, os seguintes temas: (1) autopoiese, auto-organiza\u00e7\u00e3o, auto-clausura estrutural, conceitualismo; (2) organismo, ambiente, redes, fluxos e media\u00e7\u00f5es; (3) cont\u00e1gio, contamina\u00e7\u00e3o, comunica\u00e7\u00e3o, transmiss\u00e3o, afeto; (4) emerg\u00eancia, metamodeliza\u00e7\u00e3o, org\u00e2nico, inorg\u00e2nico, origem da vida; (5) forma humana, inumana, trans-humana, n\u00e3o-naturalismos, pr\u00f3teses, dispositivos; (6) corporalidade, automatismos, sensorialidade.<\/p>\n\n\n\n<p>roteiro do curso<\/p>\n\n\n\n<p><strong>Bloco 1: arte, biologia, informa\u00e7\u00e3o<\/strong><\/p>\n\n\n\n<p>aulas 24\/3, 31\/3 e 7\/4<\/p>\n\n\n\n<p>FLUSSER, Vil\u00e9m. &#8220;Arte Viva<a rel=\"noreferrer noopener\" aria-label=\"&quot;Arte Viva&quot; (abre numa nova aba)\" href=\"http:\/\/www.professores.uff.br\/ricardobasbaum\/wp-content\/uploads\/sites\/164\/2021\/03\/Flusser_Arte_Viva.pdf\" target=\"_blank\">&#8220;<\/a>, in <em>Fic\u00e7\u00f5es Filos\u00f3ficas<\/em>. S\u00e3o Paulo, EdUSP, 1998.<\/p>\n\n\n\n<p>MEGLHIORATTI, Fernanda Aparecida; EL-HANI, Charbel Ni\u00f1o; CALDEIRA, Ana Maria de Andrade. &#8220;O conceito de organismo em uma abordagem hier\u00e1rquica e sist\u00eamica da biologia&#8221;. <em>Revista da Biologia<\/em>, IB-USP, (2012) 9(2): 7-11.<\/p>\n\n\n\n<p>MELTZER, Eve. <em>Systems We Have Loved: Conceptual Art, Affect, and the Antihumanist Turn<\/em>. Chicago, University of Chicago Press, 2013. Introdu\u00e7\u00e3o &#8220;Antepartum&#8221; e Cap\u00edtulo 1 &#8220;The Dream of the Information World&#8221;.<\/p>\n\n\n\n<p>NORVELL, Patricia; ALBERRO, Alexander (Eds.). &#8220;Robert Barry, May 30, 1969&#8221;, in <em>Recording conceptual art : early interviews with Barry, Huebler, Kaltenbach, LeWitt, Morris, Oppenheim, Siegelaub, Smithson, and Weiner<\/em>. Berkeley and Los Angeles, University of California Press, 2001.<\/p>\n\n\n\n<p>aulas 14\/4 e 21\/4<\/p>\n\n\n\n<p>CUSICANQUI, Silvia Rivera. &#8220;Un mundo ch&#8217;ixi es posible. Memoria, mercado y colonialismo&#8221;, in <em>Un mundo ch&#8217;ixi es posible. Ensayos desde un presente en crisis<\/em>. Buenos Aires: Tinta Lim\u00f3n, 2018.<\/p>\n\n\n\n<p>GUMBRECHT, Hans Ulrich. &#8220;Cascatas de Modernidade&#8221; in <em>Moderniza\u00e7\u00e3o dos Sentidos<\/em>. S\u00e3o Paulo, Editora 34, 1998.<\/p>\n\n\n\n<p>RASCH, William; WOLFE, Cary. (Eds.) <em>Observing complexity: systems theory and postmodernity<\/em>. Minneapolis, University of Minnesota, 2000. Cap\u00edtulos 6 e 7: &#8220;Theory of a Different Order: A Conversation with Katherine Hayles and Niklas Luhmann&#8221;; &#8220;Making the Cut: The Interplay of Narrative and System, or What Systems Theory Can&#8217;t See<a rel=\"noreferrer noopener\" aria-label=\"&quot;Theory of a Different Order: A Conversation with Katherine Hayles and Niklas Luhmann&quot;; &quot;Making the Cut: The Interplay of Narrative and System, or What Systems Theory Can't See&quot; (abre numa nova aba)\" href=\"http:\/\/www.professores.uff.br\/ricardobasbaum\/wp-content\/uploads\/sites\/164\/2021\/04\/Luhmann_Hayles.pdf\" target=\"_blank\">&#8220;<\/a>.<\/p>\n\n\n\n<p><strong>Bloco 2: o que \u00e9 vida? vivo\/n\u00e3o-vivo<\/strong><\/p>\n\n\n\n<p>aulas 28\/4 e 5\/5<\/p>\n\n\n\n<p>ALABI, Let\u00edcia Paola; SANTOS, Charles Morphy D.. &#8220;Elementos para uma filosofia universal da biologia: vida e a origem da ordem&#8221;. <em>Amaz\u00f4nia &#8211; Revista de Educa\u00e7\u00e3o em Ci\u00eancias e Matem\u00e1tica<\/em>, v.11 (22) Jan-Jun 2015. p.34-45.<\/p>\n\n\n\n<p>FORTERRE, Patrick. &#8220;Looking for the most \u2018primitive\u2019 organism(s) on Earth today : the state of the art&#8221;. <em>Planet. Space Sci.<\/em>, Vol. 43, n\u00bas 1\/2, pp. 167-177, 1995.<\/p>\n\n\n\n<p>FORTERRE, Patrick. &#8220;Looking for LUCA (the Last Universal Common Ancestor)&#8221;. http:\/\/www-archbac.u-psud.fr\/Meetings\/LesTreilles\/LesTreilles_e.html<\/p>\n\n\n\n<p>MURPHY, Michael P.; O&#8217;NEILL, Luke A. J.. (Orgs.) <em><a rel=\"noreferrer noopener\" aria-label=\"&quot;O que \u00e9 vida?&quot; 50 anos depois. Especula\u00e7\u00f5es sobre o futuro da biologia (abre numa nova aba)\" href=\"http:\/\/www.professores.uff.br\/ricardobasbaum\/wp-content\/uploads\/sites\/164\/2021\/04\/Murphy_ONeill_O_que_\u00e9\u0081_vida_50_anos_depois-Especula\u00e7\u00f5es-sobre-o-futuro-da-biologia.pdf\" target=\"_blank\">&#8220;<\/a>O que \u00e9 vida?&#8221; 50 anos depois. Especula\u00e7\u00f5es sobre o futuro da biologia<\/em>. S\u00e3o Paulo, Funda\u00e7\u00e3o Editora da UNESP, 1997.<\/p>\n\n\n\n<p>PAGLEN, Trevor. &#8220;Friends of Space, How Are You All? Have You Eaten Yet? Or, Why Talk to Aliens Even if We Can\u2019t&#8221;. London, <em>Afterall Journal<\/em> 32, 2013.<\/p>\n\n\n\n<p>RUIZ-MIRAZO, Kepa; PERET\u00d3, Juli; MORENO, Alvaro. &#8220;A Universal definition of life: Autonomy and Open-Ended Evolution&#8221;, in <em>Origins of Life and Evolution of the Biosphere<\/em>, 34: 323\u2013346, Kluwer Academic Publishers, 2004.<\/p>\n\n\n\n<p>SAGAN, Carl; SAGAN, Linda Salzman; DRAKE, Frank. &#8220;A Message from Earth&#8221;. <em>Science<\/em>, Vol. 175.<\/p>\n\n\n\n<p><strong>Bloco 3: biologia, vida, conceito<\/strong><\/p>\n\n\n\n<p>aulas 12\/5 e 19\/5<\/p>\n\n\n\n<p>COCCIA, Emanuel. <em>A Vida das Plantas<\/em>. Florian\u00f3polis, Cultura e B\u00e1rbarie, 2018.<\/p>\n\n\n\n<p>NARBY, Jeremy. <em>A Serpente C\u00f3smica: o DNA e as origens do saber<\/em>. Rio de Janeiro, Dantes, 2018.<\/p>\n\n\n\n<p>NEGARESTANI, Reza. <em>O trabalho do inumano<\/em>. Cole\u00e7\u00e3o Trama, Zazie Edi\u00e7\u00f5es, 2020.<\/p>\n\n\n\n<p>REED, Patricia. &#8220;Synthesis and Constructive Alienation&#8221;. Beirut, HomeWorks7, Nov 2013.<\/p>\n\n\n\n<p>REED, Patricia. &#8220;What is Care at Planetary Dimensions?<a rel=\"noreferrer noopener\" aria-label=\"&quot;What is Care at Planetary Dimensions?&quot; (abre numa nova aba)\" href=\"http:\/\/www.professores.uff.br\/ricardobasbaum\/wp-content\/uploads\/sites\/164\/2021\/05\/Reed-What_is_Care_Lecture-2019.pdf\" target=\"_blank\">&#8220;<\/a>. Berlim, Floating University, 2019.<\/p>\n\n\n\n<p><strong>Bloco 4: formas de vida descoloniais<\/strong><\/p>\n\n\n\n<p>aulas 26\/5 e 2\/6<\/p>\n\n\n\n<p>ALTMAYER, Guilherme. &#8220;Notas para uma curadoria transviada&#8221;. <em>Poi\u00e9sis<\/em>, Niter\u00f3i, v. 21, n. 35, p. 17-34, jan.\/jun. 2020.<\/p>\n\n\n\n<p>BERNARDINO-COSTA, Joaze. GROSFOGUEL, Ram\u00f3n. &#8220;Decolonialidade e perspectiva negra&#8221;. <em>Revista Sociedade e Estado<\/em>. v. 31,  n. 1, Janeiro\/Abril 2016.<\/p>\n\n\n\n<p>BORGES, Fabiane M.. &#8220;Ancestrofuturismo &#8211; Cosmogonia Livre \u2013 Rituais Fa\u00e7a Voc\u00ea Mesmo (DIY)&#8221;.<\/p>\n\n\n\n<p>BRAIDOTTI, Rosi. &#8220;Diferen\u00e7a, Diversidade e Subjetividade N\u00f4made&#8221;. <em>labrys, estudos feministas<\/em>, n\u00famero 1-2, julho\/ dezembro 2002.<\/p>\n\n\n\n<p>ESBELL, Jaider. &#8220;Makunaima, o meu av\u00f4 em mim!&#8221;. <em>Iluminuras<\/em>, Porto Alegre, v. 19, n. 46, p. 11-39, jan\/jul, 2018.<\/p>\n\n\n\n<p>ESBELL, Jaider. &#8220;Ver em camadas o cruzamento dos mundos&#8221; (entrevista) <em>IHU On-Line<\/em>, N\u00ba 527, Ano XVIII, 27\/8\/2018.<\/p>\n\n\n\n<p>ESBELL, Jaider. &#8220;Autodecolonizac\u00e3o \u2013 Uma Pesquisa Pessoal no Al\u00e9m Coletivo&#8221;. Dispon\u00edvel em http:\/\/www.jaideresbell.com.br\/site\/2020\/08\/09\/auto-decolonizacao-uma-pesquisa-pessoal-no-alem-coletivo\/<\/p>\n\n\n\n<p>FIDELIS, Gaud\u00eancio. &#8220;O Museu do Desvio&#8221;. <em>Queermuseu: cartografias da diferen\u00e7a na arte brasileira<\/em>. Rio de Janeiro, EAV Parque Lage, 2018.<\/p>\n\n\n\n<p>GONZALEZ, L\u00e9lia. &#8220;A Categoria Pol\u00edtico-Cultural de Amefricanidade&#8221;. <em>Revista Tempo Brasileiro<\/em>. Rio de Janeiro, N\u00ba. 92\/93 (jan.\/jun.). 1988b, p. 69-82.<\/p>\n\n\n\n<p>GUATTARI, F\u00e9lix. &#8220;Heterog\u00eanese&#8221;, in <em>Caosmose &#8211; um novo paradigma est\u00e9tico<\/em>. Rio de Janeiro, Editora 34, 1992.<\/p>\n\n\n\n<p>LUGONES, Mar\u00eda. &#8220;Rumo a um feminismo descolonial&#8221;. <em>Estudos Feministas<\/em>, Florian\u00f3polis, 22(3): 320, setembro-dezembro\/2014.<\/p>\n\n\n\n<p>MALDONADO-TORRES, Nelson. &#8220;A topologia do Ser e a geopol\u00edtica do conhecimento. Modernidade, imp\u00e9rio e colonialidade&#8221;. <em>Revista Cr\u00edtica de Ci\u00eancias Sociais<\/em>, 80, Mar\u00e7o 2008: 71-114.<\/p>\n\n\n\n<p>PENNELL, Summer M.. &#8220;Queer Transgressive Cultural Capital&#8221;, in RODRIGUEZ, Nelson M.; MARTINO, Wayne J.; INGREY, Jennifer C.; BROCKENBROUGH, Edward. (Eds). <em>Critical Concepts in Queer Studies and Education<\/em>. Nova York, Palgrave Macmillan, 2016.<\/p>\n","protected":false},"excerpt":{"rendered":"<p>Muito da for\u00e7a das vertentes conceitualistas (em sua deriva\u00e7\u00e3o e expans\u00e3o a partir das matrizes conceituais) decorre da investiga\u00e7\u00e3o de uma dimens\u00e3o al\u00e9m do sensorial, explorando as camadas de constru\u00e7\u00e3o da experi\u00eancia (considerando a centralidade da proposi\u00e7\u00e3o art\u00edstica) que se d\u00e3o, por exemplo, em territ\u00f3rio \u201cn\u00e3o-retiniano\u201d (Marcel Duchamp) e \u201cn\u00e3o-coclear\u201d (Seth Kim-Cohen): a partir destas [&hellip;]<\/p>\n","protected":false},"author":172,"featured_media":0,"comment_status":"closed","ping_status":"closed","sticky":false,"template":"","format":"standard","meta":{"_exactmetrics_skip_tracking":false,"_exactmetrics_sitenote_active":false,"_exactmetrics_sitenote_note":"","_exactmetrics_sitenote_category":0,"footnotes":""},"categories":[1],"tags":[],"class_list":["post-537","post","type-post","status-publish","format-standard","hentry","category-sem-categoria"],"_links":{"self":[{"href":"https:\/\/www.professores.uff.br\/ricardobasbaum\/index.php?rest_route=\/wp\/v2\/posts\/537","targetHints":{"allow":["GET"]}}],"collection":[{"href":"https:\/\/www.professores.uff.br\/ricardobasbaum\/index.php?rest_route=\/wp\/v2\/posts"}],"about":[{"href":"https:\/\/www.professores.uff.br\/ricardobasbaum\/index.php?rest_route=\/wp\/v2\/types\/post"}],"author":[{"embeddable":true,"href":"https:\/\/www.professores.uff.br\/ricardobasbaum\/index.php?rest_route=\/wp\/v2\/users\/172"}],"replies":[{"embeddable":true,"href":"https:\/\/www.professores.uff.br\/ricardobasbaum\/index.php?rest_route=%2Fwp%2Fv2%2Fcomments&post=537"}],"version-history":[{"count":43,"href":"https:\/\/www.professores.uff.br\/ricardobasbaum\/index.php?rest_route=\/wp\/v2\/posts\/537\/revisions"}],"predecessor-version":[{"id":864,"href":"https:\/\/www.professores.uff.br\/ricardobasbaum\/index.php?rest_route=\/wp\/v2\/posts\/537\/revisions\/864"}],"wp:attachment":[{"href":"https:\/\/www.professores.uff.br\/ricardobasbaum\/index.php?rest_route=%2Fwp%2Fv2%2Fmedia&parent=537"}],"wp:term":[{"taxonomy":"category","embeddable":true,"href":"https:\/\/www.professores.uff.br\/ricardobasbaum\/index.php?rest_route=%2Fwp%2Fv2%2Fcategories&post=537"},{"taxonomy":"post_tag","embeddable":true,"href":"https:\/\/www.professores.uff.br\/ricardobasbaum\/index.php?rest_route=%2Fwp%2Fv2%2Ftags&post=537"}],"curies":[{"name":"wp","href":"https:\/\/api.w.org\/{rel}","templated":true}]}}