{"id":870,"date":"2025-03-25T03:02:59","date_gmt":"2025-03-25T06:02:59","guid":{"rendered":"http:\/\/www.professores.uff.br\/ricardobasbaum\/?p=870"},"modified":"2025-06-08T22:20:01","modified_gmt":"2025-06-09T01:20:01","slug":"sistemas-de-revezamento-plastico-sonoro-discursivos-casos-e-ferramentas-conceituais-pos-graduacao-2025-1","status":"publish","type":"post","link":"https:\/\/www.professores.uff.br\/ricardobasbaum\/?p=870","title":{"rendered":"Sistemas de revezamento pl\u00e1stico-sonoro-discursivos: casos e ferramentas conceituais (P\u00f3s-Gradua\u00e7\u00e3o 2025\/1)"},"content":{"rendered":"\n<p>Este curso ir\u00e1 explorar algumas ferramentas conceituais que atuam na produ\u00e7\u00e3o do campo do pensamento da atualidade, em sua aplicabilidade para a compreens\u00e3o e fabrica\u00e7\u00e3o da obra de arte contempor\u00e2nea \u2013 seja do campo pl\u00e1stico, sonoro, performativo, textual, interm\u00eddia ou multimodal. Seguindo indica\u00e7\u00f5es que apontam para sentidos tramados nos territ\u00f3rios especulativo, espectral, aceleracionista, perspectivista ou neo-racional, por exemplo \u2013 em seus caminhos de abertura, prospec\u00e7\u00e3o, inven\u00e7\u00e3o e fabula\u00e7\u00e3o \u2013 ser\u00e1 importante compreender o pensamento como experimento e esfor\u00e7o frente \u00e0s urg\u00eancias tempo atual. A presen\u00e7a e produ\u00e7\u00e3o da obra de arte ser\u00e1 reconhecida em seu sentido transversal, em que se constr\u00f3i a interven\u00e7\u00e3o sensorial intensiva, portadora de modalidades de entrela\u00e7amento entre sensa\u00e7\u00e3o e conceito e colocando em jogo as diversas camadas de agenciamento autoral, institucional, receptivo, transdisciplinar, entre outros aspectos. \u00c9 nessa chave que est\u00e3o situados os &#8216;sistemas de revezamento pl\u00e1stico-sonoro-discursivos&#8217;, enquanto dispositivos aos quais se recorre na produ\u00e7\u00e3o da interven\u00e7\u00e3o, permitindo o deslizamento visual, s\u00f4nico e textual \u2013 trata-se de reconhecer o agente-artista como um personagem em tr\u00e2nsito por territ\u00f3rios de linguagem. As conversas ser\u00e3o organizadas em blocos, compreendendo, de modo amplo, as seguintes quest\u00f5es: (1) desregramento dos sentidos x anestesia; a condi\u00e7\u00e3o n\u00e3o-retiniana \/ n\u00e3o-coclear; eu \u00e9 um outro: o desenvolvimento de \u00f3rg\u00e3os sensoriais conceituais na forma\u00e7\u00e3o de outras corporeidades; (2) rela\u00e7\u00f5es entre &#8216;arte&#8217; e &#8216;conceito&#8217;; m\u00faltiplas racionalidades; afetos espectrais; singularidade da obra de arte; (3) ambientes instalativos e imersivos; automatismo da experi\u00eancia; h\u00e1bito, intensidade, frui\u00e7\u00e3o; inven\u00e7\u00e3o de institui\u00e7\u00f5es; choques entre corpo, objetos e obras de arte: pol\u00edticas percussivas, voz, discurso; tradu\u00e7\u00e3o; biom\u00eddia; (4) nota\u00e7\u00f5es gr\u00e1ficas, mapas, diagramas, regimes verbais de instru\u00e7\u00f5es: performatividade visual e sonora da linha e da palavra; (5) regimes de escuta, resson\u00e2ncia; linha org\u00e2nica; textos de artista; K\u00fcnstlertheorie [teoria de arista]; o som da teoria. Com as discuss\u00f5es propostas, o curso se direciona para o aprofundamento das investiga\u00e7\u00f5es acerca da dimens\u00e3o conceitual da arte contempor\u00e2nea, aproximando ambi\u00e7\u00e3o te\u00f3rica e realiza\u00e7\u00e3o de interven\u00e7\u00f5es, dando sequ\u00eancia \u00e0 investiga\u00e7\u00e3o do agente-artista como fabricante de dispositivos sensoriais-conceituais frente \u00e0s urg\u00eancias de seu tempo e territ\u00f3rio.<\/p>\n\n\n\n<p>playlist<br><a rel=\"noreferrer noopener\" aria-label=\"https:\/\/open.spotify.com\/playlist\/2Om6yFf4USp3N9U6t5ajxX?si=d576a2e6ab2d4387 (abre numa nova aba)\" href=\"https:\/\/open.spotify.com\/playlist\/2Om6yFf4USp3N9U6t5ajxX?si=d576a2e6ab2d4387\" target=\"_blank\">https:\/\/open.spotify.com\/playlist\/2Om6yFf4USp3N9U6t5ajxX?si=d576a2e6ab2d4387<\/a><\/p>\n\n\n\n<p>roteiro do curso e bibliografia<\/p>\n\n\n\n<p>aula 01\/04<br><strong>apresenta\u00e7\u00e3o<\/strong><\/p>\n\n\n\n<p>FLUSSER, Vil\u00e9m. &#8220;Gr\u00e1fico&#8221; in <em>L\u00edngua e Realidade<\/em>. S\u00e3o Paulo, Annablume, 2004 [1963].<\/p>\n\n\n\n<p>aulas 08\/04 e 15\/04<br><strong>(1) desregramento dos sentidos x anestesia; a condi\u00e7\u00e3o n\u00e3o-retiniana \/ n\u00e3o-coclear; eu \u00e9 um outro: o desenvolvimento de \u00f3rg\u00e3os sensoriais conceituais na forma\u00e7\u00e3o de outras corporeidades;<\/strong><\/p>\n\n\n\n<p>ADORNO, Theodor. \u201cO Fetichismo na M\u00fasica e a Regress\u00e3o da Audi\u00e7\u00e3o\u201d. <em>Os Pensadores \u2013 Textos Escolhidos<\/em>. S\u00e3o Paulo, Abril Cultural, 1975.<\/p>\n\n\n\n<p>BAUDRILLARD, Jean. &#8220;Ap\u00f3s a orgia&#8221; in <em>A transpar\u00eancia do mal : ensaio sobre os fen\u00f4menos extremos<\/em>. Campinas, Papirus, 1990.<\/p>\n\n\n\n<p>BENSUSAN, Hilan. &#8220;Aceleracionismo e Espectrologia com Hilan Bensusan&#8221; &#8211; Podcast <em>Filosofia nas Margens<\/em>  <a href=\"https:\/\/open.spotify.com\/episode\/6jfLh1112gfnQJfCGzz6S6?si=UWt0C13yRoSBvSBrewluzA\" target=\"_blank\" rel=\"noreferrer noopener\" aria-label=\"https:\/\/open.spotify.com\/episode\/6jfLh1112gfnQJfCGzz6S6?si=UWt0C13yRoSBvSBrewluzA (abre numa nova aba)\">https:\/\/open.spotify.com\/episode\/6jfLh1112gfnQJfCGzz6S6?si=UWt0C13yRoSBvSBrewluzA<\/a><\/p>\n\n\n\n<p>DUCHAMP, Marcel. \u201cApropos of Readymades\u201d, \u201cA prop\u00f3sito de readymades\u201d.<\/p>\n\n\n\n<p>HARAWAY, Donna. \u201cThe Promises of Monsters: A Regenerative Politics for Inappropriate\/d Others\u201d in <em>Cultural Studies<\/em>, (Eds.) GROSSBERG, Lawrence, NELSON, Cary, TREICHLER, Paula A.. Nova York, Routledge, 1992.<\/p>\n\n\n\n<p>KIM-COHEN, <em>Seth. In the blink of an ear \u2013 Toward a non-cochlear sonic art<\/em>. Nova York, Londres, Continuum, 2009. Introdu\u00e7\u00e3o, Cap\u00edtulos 5 e 7.<\/p>\n\n\n\n<p>NODARI, Alexandre. &#8220;Limitar o limite: modos de subsist\u00eancia&#8221;. Col\u00f3quio Internacional <em>Os Mil Nomes de Gaia: Do Antropoceno \u00e0 Idade da Terra<\/em>. Casa de Rui Barbosa, Rio de Janeiro, de 15 a 19 de setembro de 2014.<\/p>\n\n\n\n<p>RIMBAUD, Arthur. &#8220;Lettres dites \u00ab du Voyant \u00bb: Rimbaud \u00e0 Georges Izambard \u2014 Char\u00eeevi\u00eele, 13 mai 1871; Rimbaud \u00e0 Paul Demeny\u2014Charlevilie, 15 mai 1871&#8221; in <em>Po\u00e9sies: Une saison en enfer, Illuminations<\/em>. Paris, Gallimard, 1984. <\/p>\n\n\n\n<p>RIMBAUD, Arthur. &#8220;Carta a Georges Izambard&#8221;; &#8220;Carta a Paul Demeny&#8221; in <em>Um tempo no inferno &amp; Ilumina\u00e7\u00f5es<\/em>. Tradu\u00e7\u00e3o e organiza\u00e7\u00e3o J\u00falio Casta\u00f1on Guimar\u00e3es. S\u00e3o Paulo, Todavia, 2021.<\/p>\n\n\n\n<p>aulas 29\/04 e 06\/05<br><strong>(2) rela\u00e7\u00f5es entre &#8216;arte&#8217; e &#8216;conceito&#8217;; m\u00faltiplas racionalidades; afetos espectrais; singularidade da obra de arte; <\/strong><\/p>\n\n\n\n<p>ARCILA, Santiago. &#8220;El trance espectral de la Tierra. Geolog\u00eda, im\u00e1genes-fantasma y necroarchivo&#8221; in <em>Morada Floresta<\/em>. Universidade Estadual de Campinas, Revista ClimaCom, Campinas, 2024.<\/p>\n\n\n\n<p>ARCILA RODR\u00cdGUEZ, Santiago. &#8220;Campos de individuaci\u00f3n fantasmal: asesinato de l\u00edderes sociales en Colombia, marcadores espectrales del horror e intensificadores espectrales de resistencia&#8221;. <em>La Deleuziana \u2013 Revista Online de Filosof\u00eda<\/em>, Numero Especial, 1\/2020. <\/p>\n\n\n\n<p>BENSUSAN, Hilan. &#8220;Nota sobre Anarqueologia, Espectralidade e Canibalismo&#8221; in <em>Hist\u00f3ria sul-americana da imortalidade: (a partir de rumores com sotaque)<\/em>. Florian\u00f3polis, Cultura e Barb\u00e1rie, 2024.<\/p>\n\n\n\n<p>BENSUSAN, Hilan. &#8220;Cosmopolitical Parties in the Post-Human Age&#8221;. <em>TripleAmpersand Journal (&amp;&amp;&amp;)<\/em>, https:\/\/tripleampersand.org\/cosmopolitical-parties-post-human-age\/.<\/p>\n\n\n\n<p>CARON, J-P. &#8220;Anonimato e eliminativismo&#8221;. <em>Arte &amp; Ensaios<\/em>, vol. 30, n. 48, jul.-dez. 2024.<\/p>\n\n\n\n<p>CARON, J-P.; FUTURO, Luiza. &#8220;As bordas do neo-racionalismo com Jean-Pierre Caron&#8221;. https:\/\/medium.com\/newsfromfuturo\/neo-racionalismo-6dc67de6c6b6<\/p>\n\n\n\n<p>ESBELL, Jaider. \u201cAutodecolonizac\u00e3o \u2013 Uma Pesquisa Pessoal no Al\u00e9m Coletivo\u201d. Dispon\u00edvel em http:\/\/www.jaideresbell.com.br\/site\/2020\/08\/09\/auto-decolonizacao-uma-pesquisa-pessoal-no-alem-coletivo\/<\/p>\n\n\n\n<p>NEGARESTANI, Reza. \u201cWhere is the Concept? (localization, ramification, navigation)\u201d. Transcription of a lecture given at Goldsmiths, University of London, 2013.<\/p>\n\n\n\n<p>STIEGLER, Bernard. &#8220;Pharmacology of Spirit &#8211; And that which makes life worth living&#8221; in <em>Theory after \u2018theory\u2019<\/em>, ELLIOTT, Jane; and ATTRIDGE, Derek. (Org.). New York, Routledge, 2011.<\/p>\n\n\n\n<p>VIVEIROS DE CASTRO, Eduardo. \u201cA propriedade do conceito\u201d.&nbsp;<em>ANPOCS 2001 \/ ST 23: Uma not\u00e1vel reviravolta: antropologia (brasileira) e filosofia (ind\u00edgena).<\/em><\/p>\n\n\n\n<p>aula 13\/05<br><strong>Conversa com J-P Caron;<\/strong><\/p>\n\n\n\n<p>aula 20\/05<br><strong>Roda de conversa: leituras recentes e pesquisas em andamento;<\/strong><\/p>\n\n\n\n<p>aulas 27\/05 e 03\/06<br><strong>(3) cosmopol\u00edtica, subjetividade, m\u00e1quinas, algoritmos, arte;<\/strong><\/p>\n\n\n\n<p>BENSUSAN, Hilan. &#8220;Partidos cosmopol\u00edticos na era do p\u00f3s-humano&#8221;. <em>DasQuest\u00f5es<\/em>, Vol.15, n.1, julho de 2022, p. 159-192.<\/p>\n\n\n\n<p>GOLEV, Valentin. &#8220;Pode, \u00e0 m\u00e1quina, faltar? &#8211; A Computa\u00e7\u00e3o lacaniana. <em>DasQuest\u00f5es<\/em>, Vol.15, n.1, julho de 2022, p. 83-99.<\/p>\n\n\n\n<p>INGOLD, Tim. &#8220;Repensando o animado, reanimando o pensamento&#8221;. <em>Espa\u00e7o Amer\u00edndio<\/em>, Porto Alegre, v. 7, n. 2, p. 10-25, jul.\/dez. 2013.<\/p>\n\n\n\n<p>LAZZARATO, Maurizio. &#8220;\u2018Exiting Language,\u2019 Semiotic Systems and the Production of Subjectivity in F\u00e9lix Guattari&#8221; in <em>Cognitive Architecture. From Biopolitics to Noopolitics. Architecture &amp; Mind in the Age of Communication and Information<\/em>. (Eds) Deborah Hauptmann and Warren Neidich. 010 Publishers, Rotterdam, 2010, pp. 502-520.<\/p>\n\n\n\n<p>NEGARESTANI, Reza. &#8220;The Human Centipede: A View From the Art World&#8221;. <em>TripleAmpersand Journal (&amp;&amp;&amp;)<\/em>.<\/p>\n\n\n\n<p>O&#8217;SULLIVAN, Simon. &#8220;The Missing Subject of Accelerationism&#8221;. <em>Mute<\/em>, 12 September 2014. https:\/\/www.metamute.org\/editorial\/articles\/missing-subject-accelerationism<\/p>\n\n\n\n<p>aulas 03\/06 e 10\/06<br><strong>(4) nota\u00e7\u00f5es gr\u00e1ficas, mapas, diagramas, regimes verbais de instru\u00e7\u00f5es: performatividade visual e sonora da linha e da palavra;<\/strong><\/p>\n\n\n\n<p>AVELLAR, Daniela. \u201cDa Partitura \u00e0 A\u00e7\u00e3o\u201d. <em>Pal\u00edndromo<\/em>, Florian\u00f3polis v.13, n.31 p. 135-144, set 2021.<\/p>\n\n\n\n<p>BUSSOTTI, Sylvano. <em>La Passion Selon Sade<\/em>. Milano, G. Ricordi &amp; C., 1966.<\/p>\n\n\n\n<p>CAGE, John. <em>Song Books, Volume II \u2013 Solos for Voice 59-92<\/em>. Edition Peters, 1970.<\/p>\n\n\n\n<p>GACHE, Bel\u00e9n. <em>Instrucciones de uso: partituras, recetas y algoritmos en la poes\u00eda y el arte contempor\u00e1neos (La forma \u201cpartitura\u201d y las nuevas formas literarias)<\/em>. Madrid, 2014. belengache.net http:\/\/www.plataformaparentesis.com\/site\/publicacoes\/instrucoes_de_uso.php<\/p>\n\n\n\n<p>CARDEW, Cornelius. \u201cNotation \u2013 Interpretation, Etc.\u201d. <em>Tempo<\/em>, Issue 58, Summer 1961.<\/p>\n\n\n\n<p>CARDEW, Cornelius. <em>Treatise<\/em>. Buffalo, Gallery Upstairs Press, 1967.<\/p>\n\n\n\n<p>CARDEW, Cornelius. \u201cTreatise Handbook\u201d. Edition Peters.<\/p>\n\n\n\n<p>DENNIS, Brian. \u201cCardew\u2019s \u2018Treatise\u2019 (mainly the visual aspects)\u201d. <em>Tempo<\/em>, Issue 177, June 1991, pp. 10-16.<\/p>\n\n\n\n<p>DEWAR, Andrew Raffo. \u201cBeyond Notation\/Notation Beyond\u201d. <em>Leonardo Music Journal<\/em> , 2011, Vol. 21, Beyond Notation: Communicating Music (2011), pp. 73-75, 77-85.<\/p>\n\n\n\n<p>HIGGINS, Dick. \u201cIntermedia\u201d. <em>Leonardo<\/em>, 2001, Vol. 34, No. 1 (2001), pp. 49-54.<\/p>\n\n\n\n<p>MAGNUSSON, Thor. &#8220;Algorithms as Scores: Coding Live Music&#8221;. <em>Leonardo Music Journal<\/em>, Vol. 21, pp. 19\u201323, 2011.<\/p>\n\n\n\n<p>VICKERY, Lindsay. \u201cMobile Scores and Click-Tracks: Teaching Old Dogs\u201d. Edith Cowan University, Institutional Repository.<\/p>\n\n\n\n<p>aula 17\/06<br><strong>(5) regimes de escuta, resson\u00e2ncia; linha org\u00e2nica; textos de artista; K\u00fcnstlertheorie [teoria de arista]; o som da teoria; <\/strong><\/p>\n\n\n\n<p>BASBAUM, Ricardo. &#8220;A: K\u00fcnstlertheorie, Sistemas de revezamento pl\u00e1stico-discursivos&#8221; in <em>Voc\u00ea gostaria de participar de uma experi\u00eancia art\u00edstica? (+ NBP)<\/em>. Tese de Doutorado, S\u00e3o Paulo, ECA-USP, 2008.<\/p>\n\n\n\n<p>LUCIER, Alvin. &#8220;I AM SITTING IN A ROOM&#8221;. <em>Chambers &#8211; Scores by ALVIN LUCIER &#8211; Interviews with the composer by Douglas Simon<\/em>. Wesleyan University Press, 1980, pp. 29-39.<\/p>\n\n\n\n<figure class=\"wp-block-embed-spotify wp-block-embed is-type-rich is-provider-spotify wp-embed-aspect-21-9 wp-has-aspect-ratio\"><div class=\"wp-block-embed__wrapper\">\n<iframe title=\"Spotify Embed: I am sitting in a room\" style=\"border-radius: 12px\" width=\"100%\" height=\"352\" frameborder=\"0\" allowfullscreen allow=\"autoplay; clipboard-write; encrypted-media; fullscreen; picture-in-picture\" loading=\"lazy\" src=\"https:\/\/open.spotify.com\/embed\/album\/0ocw1aC9k1rKeCEll1w49S?si=JQpnUei1Q1epJ-EQrgTWmQ&#038;utm_source=oembed\"><\/iframe>\n<\/div><\/figure>\n\n\n\n<p>MALABOU, Catherine. &#8220;The End of Writing? Grammatology and Plasticity&#8221;. <em>The European Legacy<\/em>, Vol. 12, No. 4, pp. 431\u2013441, 2007.<\/p>\n\n\n\n<p>OBICI, Giuliano Lamberti. <em>Condi\u00e7\u00e3o da escuta: m\u00eddias e territ\u00f3rios sonoros<\/em>. Rio de Janeiro, 7 Letras, 2008.<\/p>\n\n\n\n<p>OLIVEROS, Pauline. <em>Deep Listening \u2013 A Composer\u2019s Sound Practice<\/em>. New York, iUniverse, Inc. Deep Listening Publications, 2005.<\/p>\n\n\n\n<p>PALOMBINI, Carlos. &#8220;Notas sobre o funk&#8221;. <em>proibid\u00e3o<\/em> 13 novembro 2014 http:\/\/www.proibidao.org<\/p>\n\n\n\n<p>TABORDA, Tato. <em>Resson\u00e2ncias \u2013 vibra\u00e7\u00f5es por simpatia e frequ\u00eancias de insurg\u00eancia<\/em>. Rio de Janeiro, Editora UFRJ, 2021. pp. 89-117.<\/p>\n\n\n\n<p>aulas 24\/06, 01\/07 e 08\/07<br><strong>Semin\u00e1rios finais<\/strong><\/p>\n","protected":false},"excerpt":{"rendered":"<p>Este curso ir\u00e1 explorar algumas ferramentas conceituais que atuam na produ\u00e7\u00e3o do campo do pensamento da atualidade, em sua aplicabilidade para a compreens\u00e3o e fabrica\u00e7\u00e3o da obra de arte contempor\u00e2nea \u2013 seja do campo pl\u00e1stico, sonoro, performativo, textual, interm\u00eddia ou multimodal. Seguindo indica\u00e7\u00f5es que apontam para sentidos tramados nos territ\u00f3rios especulativo, espectral, aceleracionista, perspectivista ou [&hellip;]<\/p>\n","protected":false},"author":172,"featured_media":0,"comment_status":"closed","ping_status":"closed","sticky":false,"template":"","format":"standard","meta":{"_exactmetrics_skip_tracking":false,"_exactmetrics_sitenote_active":false,"_exactmetrics_sitenote_note":"","_exactmetrics_sitenote_category":0,"footnotes":""},"categories":[1],"tags":[],"class_list":["post-870","post","type-post","status-publish","format-standard","hentry","category-sem-categoria"],"_links":{"self":[{"href":"https:\/\/www.professores.uff.br\/ricardobasbaum\/index.php?rest_route=\/wp\/v2\/posts\/870","targetHints":{"allow":["GET"]}}],"collection":[{"href":"https:\/\/www.professores.uff.br\/ricardobasbaum\/index.php?rest_route=\/wp\/v2\/posts"}],"about":[{"href":"https:\/\/www.professores.uff.br\/ricardobasbaum\/index.php?rest_route=\/wp\/v2\/types\/post"}],"author":[{"embeddable":true,"href":"https:\/\/www.professores.uff.br\/ricardobasbaum\/index.php?rest_route=\/wp\/v2\/users\/172"}],"replies":[{"embeddable":true,"href":"https:\/\/www.professores.uff.br\/ricardobasbaum\/index.php?rest_route=%2Fwp%2Fv2%2Fcomments&post=870"}],"version-history":[{"count":14,"href":"https:\/\/www.professores.uff.br\/ricardobasbaum\/index.php?rest_route=\/wp\/v2\/posts\/870\/revisions"}],"predecessor-version":[{"id":887,"href":"https:\/\/www.professores.uff.br\/ricardobasbaum\/index.php?rest_route=\/wp\/v2\/posts\/870\/revisions\/887"}],"wp:attachment":[{"href":"https:\/\/www.professores.uff.br\/ricardobasbaum\/index.php?rest_route=%2Fwp%2Fv2%2Fmedia&parent=870"}],"wp:term":[{"taxonomy":"category","embeddable":true,"href":"https:\/\/www.professores.uff.br\/ricardobasbaum\/index.php?rest_route=%2Fwp%2Fv2%2Fcategories&post=870"},{"taxonomy":"post_tag","embeddable":true,"href":"https:\/\/www.professores.uff.br\/ricardobasbaum\/index.php?rest_route=%2Fwp%2Fv2%2Ftags&post=870"}],"curies":[{"name":"wp","href":"https:\/\/api.w.org\/{rel}","templated":true}]}}